{"id":1018,"date":"2020-01-10T11:40:27","date_gmt":"2020-01-10T14:40:27","guid":{"rendered":"http:\/\/filtrocapacitivo.com.br\/blog\/?p=1018"},"modified":"2020-01-07T22:41:27","modified_gmt":"2020-01-08T01:41:27","slug":"conta-de-luz-vai-ficar-24-mais-cara-em-2020","status":"publish","type":"post","link":"https:\/\/filtrocapacitivo.com.br\/blog\/conta-de-luz-vai-ficar-24-mais-cara-em-2020\/","title":{"rendered":"Conta de luz vai ficar 2,4% mais cara em 2020"},"content":{"rendered":"\n<p>Os consumidores brasileiros ter\u00e3o de pagar\n R$ 20,105 bilh\u00f5es em subs\u00eddios embutidos na conta de luz no ano que \nvem. O valor representa um aumento de 24% no que foi pago por todos os \nconsumidores em 2019 e ter\u00e1 impacto de alta de 2,4% nas tarifas, de \nacordo com Ag\u00eancia Nacional de Energia El\u00e9trica (Aneel).<\/p>\n\n\n\n<p>Diversos subs\u00eddios s\u00e3o bancados pelo \nconsumidor \u2013 para permitir que alguns grupos recebam descontos, os \nusu\u00e1rios pagam um valor a mais nas tarifas de energia. Entre os \nbenefici\u00e1rios est\u00e3o consumidores de energias renov\u00e1veis como solar e \ne\u00f3lica, produtores de carv\u00e3o mineral, agricultores, irrigantes, empresas\n de \u00e1gua e saneamento e usu\u00e1rios de baixa renda, entre outros.<\/p>\n\n\n\n<p>Ao todo, o or\u00e7amento desses subs\u00eddios ser\u00e1\n de R$ 21,912 bilh\u00f5es em 2020, mas o repasse aos consumidores ser\u00e1 um \npouco menor, de R$ 20,105 bilh\u00f5es, porque a Conta de Desenvolvimento \nEnerg\u00e9tico (CDE), fundo que re\u00fane esses programas, tem receitas \npr\u00f3prias.<\/p>\n\n\n\n<p>A maior despesa da CDE em 2020 ser\u00e1 a \ncompra de diesel para abastecimento de usinas termoel\u00e9tricas nos \nSistemas Isolados do Pa\u00eds, principalmente na Regi\u00e3o Norte. Ser\u00e3o R$ 7,5 \nbilh\u00f5es em 2020, ante R$ 6,3 bilh\u00f5es em 2019, parte motivada pelo \naumento de pre\u00e7os do combust\u00edvel, parte por uma mudan\u00e7a na legisla\u00e7\u00e3o do\n ICMS no Estado do Amazonas.<\/p>\n\n\n\n<p>Desse total, R$ 1,6 bilh\u00e3o ser\u00e1 destinado \npara abastecer Roraima no ano que vem. O custo de abastecimento do \nEstado tem sido crescente: era de R$ 600 milh\u00f5es em 2018 e subiu para R$\n 1,2 bilh\u00e3o em 2019. O motivo \u00e9 o fim do abastecimento de energia por \nparte da Venezuela.<\/p>\n\n\n\n<p>O diretor-geral da Aneel, Andr\u00e9 Pepitone, \ndestacou que esse custo pode ser reduzido a partir de junho de 2021, \nquando entrarem em opera\u00e7\u00e3o usinas mais eficientes, contratadas em um \nleil\u00e3o de suprimento espec\u00edfico para Roraima.<\/p>\n\n\n\n<p>Ele reiterou a necessidade de revis\u00e3o dos \nsubs\u00eddios embutidos na conta de luz, particularmente do concedido a \nconsumidores de energia incentivada.<\/p>\n\n\n\n<p>Esses usu\u00e1rios t\u00eam direito a desconto de \n50% nas taxas de uso da rede, custo que \u00e9 repassado aos demais \nconsumidores e que resultar\u00e1 em R$ 3,241 bilh\u00f5es para a conta de luz em \n2020.<\/p>\n\n\n\n<p>A CDE tem impacto diferenciado por regi\u00f5es\n e por tipo de consumidor. No Norte e Nordeste, consumidores de alta \ntens\u00e3o ter\u00e3o aumento de 2,53%; m\u00e9dia tens\u00e3o, de 1,10%; e baixa tens\u00e3o, \nde 0,88%. No Sul, Sudeste e Centro-Oeste, o impacto para clientes de \nalta tens\u00e3o ser\u00e1 de 3,45%, para a m\u00e9dia tens\u00e3o, 2,71%; e baixa tens\u00e3o, \nde 2,03%.<\/p>\n\n\n\n<p>A CDE \u00e9 um dos componentes das tarifas de \nenergia. Al\u00e9m dos subs\u00eddios, tamb\u00e9m integram a conta de luz custos de \ngera\u00e7\u00e3o, transmiss\u00e3o, distribui\u00e7\u00e3o e impostos. Esse c\u00e1lculo \u00e9 feito uma \nvez por ano pela Aneel.<\/p>\n","protected":false},"excerpt":{"rendered":"<p>Os consumidores brasileiros ter\u00e3o de pagar R$ 20,105 bilh\u00f5es em subs\u00eddios embutidos na conta de luz no ano que vem. O valor representa um aumento de<span class=\"excerpt-hellip\"> [\u2026]<\/span><\/p>\n","protected":false},"author":1,"featured_media":882,"comment_status":"closed","ping_status":"closed","sticky":false,"template":"","format":"standard","meta":{"footnotes":""},"categories":[1],"tags":[],"class_list":["post-1018","post","type-post","status-publish","format-standard","has-post-thumbnail","hentry","category-filtros-capacitivos"],"_links":{"self":[{"href":"https:\/\/filtrocapacitivo.com.br\/blog\/wp-json\/wp\/v2\/posts\/1018","targetHints":{"allow":["GET"]}}],"collection":[{"href":"https:\/\/filtrocapacitivo.com.br\/blog\/wp-json\/wp\/v2\/posts"}],"about":[{"href":"https:\/\/filtrocapacitivo.com.br\/blog\/wp-json\/wp\/v2\/types\/post"}],"author":[{"embeddable":true,"href":"https:\/\/filtrocapacitivo.com.br\/blog\/wp-json\/wp\/v2\/users\/1"}],"replies":[{"embeddable":true,"href":"https:\/\/filtrocapacitivo.com.br\/blog\/wp-json\/wp\/v2\/comments?post=1018"}],"version-history":[{"count":1,"href":"https:\/\/filtrocapacitivo.com.br\/blog\/wp-json\/wp\/v2\/posts\/1018\/revisions"}],"predecessor-version":[{"id":1019,"href":"https:\/\/filtrocapacitivo.com.br\/blog\/wp-json\/wp\/v2\/posts\/1018\/revisions\/1019"}],"wp:featuredmedia":[{"embeddable":true,"href":"https:\/\/filtrocapacitivo.com.br\/blog\/wp-json\/wp\/v2\/media\/882"}],"wp:attachment":[{"href":"https:\/\/filtrocapacitivo.com.br\/blog\/wp-json\/wp\/v2\/media?parent=1018"}],"wp:term":[{"taxonomy":"category","embeddable":true,"href":"https:\/\/filtrocapacitivo.com.br\/blog\/wp-json\/wp\/v2\/categories?post=1018"},{"taxonomy":"post_tag","embeddable":true,"href":"https:\/\/filtrocapacitivo.com.br\/blog\/wp-json\/wp\/v2\/tags?post=1018"}],"curies":[{"name":"wp","href":"https:\/\/api.w.org\/{rel}","templated":true}]}}