{"id":1021,"date":"2020-01-13T12:41:54","date_gmt":"2020-01-13T15:41:54","guid":{"rendered":"http:\/\/filtrocapacitivo.com.br\/blog\/?p=1021"},"modified":"2020-01-07T22:43:02","modified_gmt":"2020-01-08T01:43:02","slug":"expansao-da-demanda-de-energia-ainda-nao-cria-riscos","status":"publish","type":"post","link":"https:\/\/filtrocapacitivo.com.br\/blog\/expansao-da-demanda-de-energia-ainda-nao-cria-riscos\/","title":{"rendered":"Expans\u00e3o da demanda de energia ainda n\u00e3o cria riscos"},"content":{"rendered":"\n<p>Acompanhando as expectativas de \ncrescimento do PIB, a demanda por energia el\u00e9trica deve crescer de forma\n mais acentuada a partir de 2020, ap\u00f3s alguns anos de expans\u00e3o \nrelativamente fraca. De modo geral, analistas ouvidos pelo Valor afastam\n preocupa\u00e7\u00f5es com racionamento neste ano, afirmando que o Brasil est\u00e1 \npreparado para atender ao consumo mesmo a taxas acima das projetadas \nhoje. Mas h\u00e1 quem diga que a situa\u00e7\u00e3o do pa\u00eds acende um sinal de alerta \npara os pr\u00f3ximos anos em um cen\u00e1rio de avan\u00e7o mais forte da atividade \necon\u00f4mica.<\/p>\n\n\n\n<p>De acordo com o planejamento do governo, a\n carga do Sistema Interligado Nacional (SIN) deve aumentar 4,2% em 2020,\n o dobro da taxa de 2,1% estimada para o acumulado de 2019. J\u00e1 entre \n2021 e 2024, a expectativa \u00e9 de crescimento anual da ordem de 3,7%. As \nprevis\u00f5es, feitas em conjunto pela Empresa de Pesquisa Energ\u00e9tica (EPE),\n Operador Nacional do Setor El\u00e9trico (ONS) e C\u00e2mara de Comercializa\u00e7\u00e3o \nde Energia El\u00e9trica (CCEE), levam em conta uma expans\u00e3o de 2,3% do PIB \nneste ano e taxas mais pr\u00f3ximas de 3% para os anos subsequentes.<\/p>\n\n\n\n<p>\u201cTemos capacidade instalada para atender a\n esse crescimento da carga. Nossa oferta de energia hoje \u00e9 mais \npulverizada do que no passado, com mais projetos e\u00f3licos e solares\u201d, \naponta Alexandre Viana, s\u00f3cio da consultoria Thymos Energia. Para o \nespecialista, num cen\u00e1rio de expans\u00e3o da demanda al\u00e9m do estimado, a \nprincipal quest\u00e3o n\u00e3o seria o suprimento, mas sim o pre\u00e7o. Segundo ele, o\n parque t\u00e9rmico brasileiro ainda \u00e9 caro, de forma que um maior \nacionamento de termel\u00e9tricas em caso de piora das condi\u00e7\u00f5es hidrol\u00f3gicas\n tenderia a pressionar as tarifas de energia.<\/p>\n\n\n\n<p>Embora as fontes renov\u00e1veis venham \naumentando sua participa\u00e7\u00e3o na matriz energ\u00e9tica brasileira, a gera\u00e7\u00e3o \nainda \u00e9 fortemente concentrada nas hidrel\u00e9tricas. Diante desse cen\u00e1rio, a\n gest\u00e3o dos reservat\u00f3rios dessas usinas deve ser um ponto de aten\u00e7\u00e3o, \ndestaca Luiz Augusto Barroso, presidente da consultoria PSR. Apesar da \natual situa\u00e7\u00e3o dos principais reservat\u00f3rios do Sistema Interligado \nNacional (SIN), que registram os piores n\u00edveis de armazenamento desde \n2014, as an\u00e1lises da PSR n\u00e3o identificaram risco de racionamento para \n2020.<\/p>\n\n\n\n<p>Barroso avalia ainda que a oferta de \nenergia contratada nos \u00faltimos leil\u00f5es, somada \u00e0 j\u00e1 comprada no passado,\n permitir\u00e1 que o pa\u00eds tenha folga para fazer frente ao crescimento da \ndemanda. \u201cNo limite, se o PIB do Brasil, e por consequ\u00eancia a carga, \ncrescerem muito acima do esperado, a regula\u00e7\u00e3o oferece instrumentos para\n comprar oferta adicional em car\u00e1ter de emerg\u00eancia\u201d.<\/p>\n\n\n\n<p>Em monitoramento lan\u00e7ado em setembro, o \nInstituto Acende Brasil estimou que, entre 2019 e 2022, haveria um \n\u201crespiro\u201d de cerca de 15,5 gigawatts (GW) m\u00e9dios entre a disponibilidade\n de gera\u00e7\u00e3o e a demanda projetada. Ainda conforme o estudo, essa folga \nocorreria, em maior ou menor grau, mesmo em cen\u00e1rios de aumento da carga\n al\u00e9m do previsto ou de restri\u00e7\u00e3o da oferta, com atraso na implanta\u00e7\u00e3o \nde usinas e de condi\u00e7\u00f5es hidrol\u00f3gicas cr\u00edticas.<\/p>\n\n\n\n<p>Em geral, especialistas acreditam que \nriscos de um d\u00e9ficit no suprimento de energia s\u00f3 surgiriam em situa\u00e7\u00f5es \nquase apocal\u00edpticas, que aliassem uma forte crise h\u00eddrica a um aumento \nmuito expressivo do consumo. Mas Adriano Pires, presidente do Centro \nBrasileiro de Infraestrutura (CBIE), faz um contraponto a essa vis\u00e3o. \n\u201cN\u00e3o estamos em uma situa\u00e7\u00e3o de tranquilidade, temos de estar atentos. \nSe em 2021 o pa\u00eds voltar a crescer 3% ou mais, a\u00ed eu acho que \ncome\u00e7aremos a ter problemas s\u00e9rios\u201d.<\/p>\n\n\n\n<p>Na avalia\u00e7\u00e3o de Pires, durante a \u00faltima \nrecess\u00e3o econ\u00f4mica, o pa\u00eds se \u201cacomodou\u201d e deixou de tomar medidas \nimportantes para garantir a robustez do sistema el\u00e9trico. Com o aumento \nmais forte da demanda a partir de 2020, problemas que n\u00e3o pareciam \ngraves, como o atraso de obras das usinas, podem ganhar import\u00e2ncia, \ndiz. \u201cPrecisamos come\u00e7ar a olhar para obras atrasadas, fazer leil\u00f5es por\n fonte de energia, colocar t\u00e9rmicas a g\u00e1s natural na base\u201d, defende.<\/p>\n\n\n\n<p>Conforme monitoramento da Ag\u00eancia Nacional\n de Energia El\u00e9trica (Aneel), at\u00e9 2024, est\u00e3o previstas para entrar em \nopera\u00e7\u00e3o comercial 574 centrais geradoras, que somam 20,5 GW de \npot\u00eancia. Desse total, 252 usinas est\u00e3o com cronograma de implementa\u00e7\u00e3o \natrasado.<\/p>\n\n\n\n<p>No \u00faltimo m\u00eas, o pr\u00f3prio governo j\u00e1 se \nposicionou sobre o tema e garantiu que n\u00e3o faltar\u00e1 energia no pa\u00eds. Em \nresposta a uma nota publicada pelo jornal \u201cO Globo\u201d, o Minist\u00e9rio de \nMinas e Energia (MME) negou a possibilidade de racionamento em 2020 \nmesmo que a economia cres\u00e7a acima de 2,5%. No esclarecimento, o MME \nafirma que vem contratando um conjunto de empreendimentos de diversas \nfontes de energia \u201csuficientes para atender o crescimento econ\u00f4mico \nsustent\u00e1vel do Pa\u00eds\u201d.<\/p>\n","protected":false},"excerpt":{"rendered":"<p>Acompanhando as expectativas de crescimento do PIB, a demanda por energia el\u00e9trica deve crescer de forma mais acentuada a partir de 2020, ap\u00f3s alguns anos de<span class=\"excerpt-hellip\"> [\u2026]<\/span><\/p>\n","protected":false},"author":1,"featured_media":677,"comment_status":"closed","ping_status":"closed","sticky":false,"template":"","format":"standard","meta":{"footnotes":""},"categories":[1],"tags":[],"class_list":["post-1021","post","type-post","status-publish","format-standard","has-post-thumbnail","hentry","category-filtros-capacitivos"],"_links":{"self":[{"href":"https:\/\/filtrocapacitivo.com.br\/blog\/wp-json\/wp\/v2\/posts\/1021","targetHints":{"allow":["GET"]}}],"collection":[{"href":"https:\/\/filtrocapacitivo.com.br\/blog\/wp-json\/wp\/v2\/posts"}],"about":[{"href":"https:\/\/filtrocapacitivo.com.br\/blog\/wp-json\/wp\/v2\/types\/post"}],"author":[{"embeddable":true,"href":"https:\/\/filtrocapacitivo.com.br\/blog\/wp-json\/wp\/v2\/users\/1"}],"replies":[{"embeddable":true,"href":"https:\/\/filtrocapacitivo.com.br\/blog\/wp-json\/wp\/v2\/comments?post=1021"}],"version-history":[{"count":1,"href":"https:\/\/filtrocapacitivo.com.br\/blog\/wp-json\/wp\/v2\/posts\/1021\/revisions"}],"predecessor-version":[{"id":1022,"href":"https:\/\/filtrocapacitivo.com.br\/blog\/wp-json\/wp\/v2\/posts\/1021\/revisions\/1022"}],"wp:featuredmedia":[{"embeddable":true,"href":"https:\/\/filtrocapacitivo.com.br\/blog\/wp-json\/wp\/v2\/media\/677"}],"wp:attachment":[{"href":"https:\/\/filtrocapacitivo.com.br\/blog\/wp-json\/wp\/v2\/media?parent=1021"}],"wp:term":[{"taxonomy":"category","embeddable":true,"href":"https:\/\/filtrocapacitivo.com.br\/blog\/wp-json\/wp\/v2\/categories?post=1021"},{"taxonomy":"post_tag","embeddable":true,"href":"https:\/\/filtrocapacitivo.com.br\/blog\/wp-json\/wp\/v2\/tags?post=1021"}],"curies":[{"name":"wp","href":"https:\/\/api.w.org\/{rel}","templated":true}]}}