{"id":1023,"date":"2020-01-28T11:40:55","date_gmt":"2020-01-28T14:40:55","guid":{"rendered":"http:\/\/filtrocapacitivo.com.br\/blog\/?p=1023"},"modified":"2020-01-27T20:42:59","modified_gmt":"2020-01-27T23:42:59","slug":"energia-distribuida-pela-edp-cresceu-23-em-2019","status":"publish","type":"post","link":"https:\/\/filtrocapacitivo.com.br\/blog\/energia-distribuida-pela-edp-cresceu-23-em-2019\/","title":{"rendered":"Energia distribu\u00edda pela EDP cresceu 2,3% em 2019"},"content":{"rendered":"\n<p>A EDP terminou o ano de 2019 com um \naumento de 2,3% no total de energia distribu\u00edda, chegando a 25.591.493 \nMWh. A empresa, que possui as distribuidoras EDP S\u00e3o Paulo e EDP \nEsp\u00edrito Santo divulgou na \u00faltima segunda-feira, 22 de janeiro, seus \nresultados operacionais. A classe rural foi a que apresentou maior \ncrescimento, com 15,5%. A classe residencial veio em seguida, com \naumento de 4,4%. A classe industrial foi a \u00fanica que apresentou \nresultado negativo, com recuo de 1%.<\/p>\n\n\n\n<p>De acordo com a EDP, esse resultado \nreflete o efeito positivo da recupera\u00e7\u00e3o da atividade do com\u00e9rcio \nvarejista, da estabilidade econ\u00f4mica que a infla\u00e7\u00e3o baixa propicia, do \nclima e do maior n\u00famero de dias m\u00e9dios faturados, apesar da contra\u00e7\u00e3o da\n produ\u00e7\u00e3o do setor industrial. A migra\u00e7\u00e3o de clientes do ambiente cativo\n para o livre aumentou 23,9%, com 126 clientes na EDP SP e 76 clientes \nna EDP ES.<\/p>\n\n\n\n<p>Por distribuidora, a EDP S\u00e3o Paulo teve \naumento de 1,6% na distribui\u00e7\u00e3o, com a classe comercial registrando \ncrescimento de 5,56% e a residencial subindo 2,4%. A classe rural teve \nqueda de 2,8% e a industrial, de 1,2%. Na EDP Esp\u00edrito Santo, o \ncrescimento na energia distribu\u00edda ficou em 3,5%, com a classe rural \nsubindo 17,4%, puxada pela recupera\u00e7\u00e3o da atividade agr\u00edcola e o menor \nvolume de chuvas, contribuindo para o aumento do consumo para irriga\u00e7\u00e3o.\n A demanda da classe residencial cresceu 7,8%, a comercial 0,4% e a \nind\u00fastria teve queda de 0,6%. O n\u00famero de clientes aumentou 2,1%, saindo\n de 3,45 milh\u00f5es para 3,52 milh\u00f5es. Na EDP S\u00e3o Paulo, o n\u00famero de \nunidades consumidoras cresceu 2,6%, enquanto na EDP Esp\u00edrito Santo, 1,58\n milh\u00e3o, mostra um aumento de 1,5%.<\/p>\n\n\n\n<p>Na gera\u00e7\u00e3o, o volume de energia vendida \nnas UHEs em 2019, considerando as empresas consolidadas, chegou a \naumento de 42,7%. Considerando os projetos n\u00e3o consolidados, o volume \nfoi elevando em 21,1%, impactado pela entrada integral da UHE S\u00e3o Manoel\n em abril de 2018. No ano, o GSF m\u00e9dio no sistema foi de 80,91%, \nrefletindo em uma exposi\u00e7\u00e3o de 1.221,8 GWh, ao PLD m\u00e9dio de R$ 227,1\/MWh\n (Submercado SE\/CO). Na gera\u00e7\u00e3o t\u00e9rmica, disponibilidade m\u00e9dia da UTE \nPec\u00e9m em 2019 foi de 95,2% e o volume de energia comercializada ficou em\n 14.100 GWh no ano, devido, em baixa de 221,%. A queda veio em virtude \ndo menor n\u00famero de opera\u00e7\u00f5es entre os agentes, refletindo o aumento do \nrisco de cr\u00e9dito associado aos eventos de default que marcaram o mercado\n ao longo do ano, juntamente com a maior volatilidade de pre\u00e7os.<\/p>\n","protected":false},"excerpt":{"rendered":"<p>A EDP terminou o ano de 2019 com um aumento de 2,3% no total de energia distribu\u00edda, chegando a 25.591.493 MWh. A empresa, que possui as<span class=\"excerpt-hellip\"> [\u2026]<\/span><\/p>\n","protected":false},"author":1,"featured_media":968,"comment_status":"closed","ping_status":"closed","sticky":false,"template":"","format":"standard","meta":{"footnotes":""},"categories":[1],"tags":[],"class_list":["post-1023","post","type-post","status-publish","format-standard","has-post-thumbnail","hentry","category-filtros-capacitivos"],"_links":{"self":[{"href":"https:\/\/filtrocapacitivo.com.br\/blog\/wp-json\/wp\/v2\/posts\/1023","targetHints":{"allow":["GET"]}}],"collection":[{"href":"https:\/\/filtrocapacitivo.com.br\/blog\/wp-json\/wp\/v2\/posts"}],"about":[{"href":"https:\/\/filtrocapacitivo.com.br\/blog\/wp-json\/wp\/v2\/types\/post"}],"author":[{"embeddable":true,"href":"https:\/\/filtrocapacitivo.com.br\/blog\/wp-json\/wp\/v2\/users\/1"}],"replies":[{"embeddable":true,"href":"https:\/\/filtrocapacitivo.com.br\/blog\/wp-json\/wp\/v2\/comments?post=1023"}],"version-history":[{"count":1,"href":"https:\/\/filtrocapacitivo.com.br\/blog\/wp-json\/wp\/v2\/posts\/1023\/revisions"}],"predecessor-version":[{"id":1024,"href":"https:\/\/filtrocapacitivo.com.br\/blog\/wp-json\/wp\/v2\/posts\/1023\/revisions\/1024"}],"wp:featuredmedia":[{"embeddable":true,"href":"https:\/\/filtrocapacitivo.com.br\/blog\/wp-json\/wp\/v2\/media\/968"}],"wp:attachment":[{"href":"https:\/\/filtrocapacitivo.com.br\/blog\/wp-json\/wp\/v2\/media?parent=1023"}],"wp:term":[{"taxonomy":"category","embeddable":true,"href":"https:\/\/filtrocapacitivo.com.br\/blog\/wp-json\/wp\/v2\/categories?post=1023"},{"taxonomy":"post_tag","embeddable":true,"href":"https:\/\/filtrocapacitivo.com.br\/blog\/wp-json\/wp\/v2\/tags?post=1023"}],"curies":[{"name":"wp","href":"https:\/\/api.w.org\/{rel}","templated":true}]}}