{"id":1025,"date":"2020-01-30T12:43:43","date_gmt":"2020-01-30T15:43:43","guid":{"rendered":"http:\/\/filtrocapacitivo.com.br\/blog\/?p=1025"},"modified":"2020-01-27T20:46:26","modified_gmt":"2020-01-27T23:46:26","slug":"celesc-registra-crescimento-de-43-no-consumo-de-2019","status":"publish","type":"post","link":"https:\/\/filtrocapacitivo.com.br\/blog\/celesc-registra-crescimento-de-43-no-consumo-de-2019\/","title":{"rendered":"Celesc registra crescimento de 4,3% no consumo de 2019"},"content":{"rendered":"\n<p>O consumo de energia na \u00e1rea de concess\u00e3o \nda Celesc aumentou 4,4% no quarto trimestre do ano passado. Esse \u00edndice \nest\u00e1 pouco acima do reportado pela empresa em comunicado publicado h\u00e1 \npouco no site da Comiss\u00e3o de Valores Mobili\u00e1rios. A empresa catarinense \ninforma que o consumo consolidado no ano de 2019 aumentou 4,3%, \nalcan\u00e7ando 25.490 GWh. A demanda originada no mercado cativo avan\u00e7ou \n3,6% e de consumidores livres 5,4%.<\/p>\n\n\n\n<p>No mercado total o destaque se deu para a \nclasse residencial que no ano avan\u00e7ou 6,3% quando comparado com os dados\n de 2018. O consumo industrial cresceu 2,6% no consolidado (queda de 3% \nno ACR e crescimento de 4,5% no ACL). J\u00e1 o comercial avan\u00e7ou nos dois \nambientes, 4,1% no regulado e 12% no livre. O rural caiu 16,5% no cativo\n e aumentou 3,2% no livre. No total do ano, o suprimento de energia pela\n rede da Celesc aumentou 22,5%.<\/p>\n","protected":false},"excerpt":{"rendered":"<p>O consumo de energia na \u00e1rea de concess\u00e3o da Celesc aumentou 4,4% no quarto trimestre do ano passado. Esse \u00edndice est\u00e1 pouco acima do reportado pela<span class=\"excerpt-hellip\"> [\u2026]<\/span><\/p>\n","protected":false},"author":1,"featured_media":1027,"comment_status":"closed","ping_status":"closed","sticky":false,"template":"","format":"standard","meta":{"footnotes":""},"categories":[1],"tags":[],"class_list":["post-1025","post","type-post","status-publish","format-standard","has-post-thumbnail","hentry","category-filtros-capacitivos"],"_links":{"self":[{"href":"https:\/\/filtrocapacitivo.com.br\/blog\/wp-json\/wp\/v2\/posts\/1025","targetHints":{"allow":["GET"]}}],"collection":[{"href":"https:\/\/filtrocapacitivo.com.br\/blog\/wp-json\/wp\/v2\/posts"}],"about":[{"href":"https:\/\/filtrocapacitivo.com.br\/blog\/wp-json\/wp\/v2\/types\/post"}],"author":[{"embeddable":true,"href":"https:\/\/filtrocapacitivo.com.br\/blog\/wp-json\/wp\/v2\/users\/1"}],"replies":[{"embeddable":true,"href":"https:\/\/filtrocapacitivo.com.br\/blog\/wp-json\/wp\/v2\/comments?post=1025"}],"version-history":[{"count":1,"href":"https:\/\/filtrocapacitivo.com.br\/blog\/wp-json\/wp\/v2\/posts\/1025\/revisions"}],"predecessor-version":[{"id":1028,"href":"https:\/\/filtrocapacitivo.com.br\/blog\/wp-json\/wp\/v2\/posts\/1025\/revisions\/1028"}],"wp:featuredmedia":[{"embeddable":true,"href":"https:\/\/filtrocapacitivo.com.br\/blog\/wp-json\/wp\/v2\/media\/1027"}],"wp:attachment":[{"href":"https:\/\/filtrocapacitivo.com.br\/blog\/wp-json\/wp\/v2\/media?parent=1025"}],"wp:term":[{"taxonomy":"category","embeddable":true,"href":"https:\/\/filtrocapacitivo.com.br\/blog\/wp-json\/wp\/v2\/categories?post=1025"},{"taxonomy":"post_tag","embeddable":true,"href":"https:\/\/filtrocapacitivo.com.br\/blog\/wp-json\/wp\/v2\/tags?post=1025"}],"curies":[{"name":"wp","href":"https:\/\/api.w.org\/{rel}","templated":true}]}}