{"id":1034,"date":"2020-03-23T10:13:44","date_gmt":"2020-03-23T13:13:44","guid":{"rendered":"http:\/\/filtrocapacitivo.com.br\/blog\/?p=1034"},"modified":"2020-03-23T10:13:49","modified_gmt":"2020-03-23T13:13:49","slug":"em-5-anos-de-cobranca-extra-na-conta-de-luz-consumidores-pagam-quase-duas-usinas-de-jirau","status":"publish","type":"post","link":"https:\/\/filtrocapacitivo.com.br\/blog\/em-5-anos-de-cobranca-extra-na-conta-de-luz-consumidores-pagam-quase-duas-usinas-de-jirau\/","title":{"rendered":"Em 5 anos de cobran\u00e7a extra na conta de luz, consumidores pagam quase duas usinas de Jirau"},"content":{"rendered":"\n<h2 class=\"wp-block-heading\">Levantamento da Aneel mostra que consumidores pagaram R$ 35,42 bi desde 2015, quando bandeira tarif\u00e1ria entrou em vigor. Jirau (RO) abastece 40 milh\u00f5es de pessoas e custou R$ 19 bi.<\/h2>\n\n\n\n<p>Os consumidores de energia pagaram R$ 35,42 bilh\u00f5es a mais nas contas de luz nos \u00faltimos cinco anos devido \u00e0 cobran\u00e7a extra prevista nas&nbsp;bandeiras tarif\u00e1rias, aponta levantamento da Ag\u00eancia Nacional de Energia El\u00e9trica (Aneel).<\/p>\n\n\n\n<p>Esse valor equivale a quase duas vezes o custo de constru\u00e7\u00e3o da hidrel\u00e9trica de Jirau. A usina, em Rond\u00f4nia, custou R$ 19 bilh\u00f5es e tem capacidade para gerar energia para atender a 40 milh\u00f5es de pessoas.<\/p>\n\n\n\n<p>O sistema de bandeiras tarif\u00e1rias completou cinco anos.&nbsp;Entrou em vigor em 2015,&nbsp;em meio \u00e0 disparada do custo da energia no pa\u00eds, provocada pela forte estiagem.<\/p>\n\n\n\n<p>\u00c0 \u00e9poca, as chuvas abaixo do esperado levaram \u00e0 queda no armazenamento dos reservat\u00f3rios das principais hidrel\u00e9tricas do pa\u00eds. Para poupar \u00e1gua das usinas, foi preciso acionar mais termel\u00e9tricas, que geram energia mais cara.<\/p>\n\n\n\n<p>Antes das bandeiras, a conta extra pelo aumento do uso de termel\u00e9tricas era suportado, num primeiro momento, pelas pr\u00f3prias distribuidoras. Entretanto, depois esse custo era repassado, com juros, para as tarifas de energia nas revis\u00f5es feitas pela Aneel. Ou seja, o consumidor pagava do mesmo jeito.<\/p>\n\n\n\n<p>Por meio da bandeira tarif\u00e1ria, s\u00e3o arrecadados recursos para fazer frente a esses custos extras de imediato. A Aneel defende o sistema. Argumenta que h\u00e1 vantagens para o consumidor:&nbsp;<\/p>\n\n\n\n<ul class=\"wp-block-list\"><li>evita a incid\u00eancia de juros que ocorria quando as distribuidoras cobriam a conta;<\/li><li>sinaliza para a popula\u00e7\u00e3o que o pre\u00e7o da energia subiu;<\/li><li>permite a ado\u00e7\u00e3o de medidas de economia.<\/li><\/ul>\n\n\n\n<h2 class=\"wp-block-heading\">Super\u00e1vit<\/h2>\n\n\n\n<p>De acordo com a Aneel, a conta das bandeiras tarif\u00e1rias fechou 2019 com super\u00e1vit de R$ 736,9 milh\u00f5es. Isso significa que o sistema arrecadou um pouco mais do que o necess\u00e1rio para bancar a conta extra das termel\u00e9tricas no ano passado.<\/p>\n\n\n\n<p>A sobra, informou a Aneel, &#8220;ser\u00e1 usada para reduzir as tarifas em 2020&#8221;. O impacto nas contas de luz, por\u00e9m, ser\u00e1 pequeno.<\/p>\n\n\n\n<p>O ano de 2015 foi o de maior arrecada\u00e7\u00e3o via bandeiras tarif\u00e1rias: R$ 14,692 bilh\u00f5es. Desde ent\u00e3o, o montante arrecadado caiu, mas ainda sinaliza que os reservat\u00f3rios das hidrel\u00e9tricas n\u00e3o conseguiram se recuperar.<\/p>\n\n\n\n<figure class=\"wp-block-image\"><img decoding=\"async\" src=\"https:\/\/ci5.googleusercontent.com\/proxy\/CrvMfkyOdYkhcLZY9h-4jNuS3jxm3Brp0n03URyb6a87qs4xXgRfnZelaAvL3v_z0JmEbDOh0kMVYpSm3nozBhnWY70E65cbWluZh7Jgugh9CDzLjddWf3lb4OF7mkbhj8-jKu9euvtGA1eXgboqjUh-KIJ_MYnI78_NBMhMNXEHHhhUpsPAUGdUeLZGtqC6ZyuM2LEOM37-c8HC8Sa4PG0oaBFaOQ3D0zFejpJ9hQqyvcNRSLKikuUF_nvniQDaDdPZ5gagIvvEwX1K9mOMIqO2rEMEWeEfShFBCseYttO_SkCuC7YdVXLhcY1uSmTXvpVUc57nMLJ7Aw=s0-d-e1-ft#https:\/\/s2.glbimg.com\/o45QDGaEkYMy6xzcfMYHbOcXO-w=\/0x0:1600x1337\/984x0\/smart\/filters:strip_icc()\/i.s3.glbimg.com\/v1\/AUTH_59edd422c0c84a879bd37670ae4f538a\/internal_photos\/bs\/2019\/n\/4\/SeH8HzT4mSS4I2pDyNXw\/bandeiras-tarifarias-1-.png\" alt=\"Bandeiras tarif\u00e1rias \u2014 Foto: Juliane Monteiro\/Arte G1\"\/><\/figure>\n\n\n\n<p>Bandeiras tarif\u00e1rias \u2014 Foto: Juliane Monteiro\/Arte G1<\/p>\n\n\n\n<p>Para se ter uma ideia, ao final de janeiro de 2012 os reservat\u00f3rios das hidrel\u00e9tricas do Sudeste e Centro-Oeste, que t\u00eam capacidade para gerar mais da metade da energia do pa\u00eds, registravam armazenamento m\u00e9dio de 76,07%.<\/p>\n\n\n\n<p>De l\u00e1 para c\u00e1, o volume m\u00e9dio dos reservat\u00f3rios, nessa mesma \u00e9poca do ano, nunca mais chegou perto dessa marca. Ao final de janeiro de 2020, estava em 24,71%, na m\u00e9dia,&nbsp;\u00edndice mais baixo desde 2015&nbsp;(17,04%).<\/p>\n\n\n\n<p>O baixo n\u00edvel dos reservat\u00f3rios das hidrel\u00e9tricas exige mais t\u00e9rmicas em funcionamento. Em dezembro de 2019, a produ\u00e7\u00e3o de energia por essas usinas mais caras foi o dobro da verificada no mesmo m\u00eas de 2018.<\/p>\n\n\n\n<p>A situa\u00e7\u00e3o levou a Aneel a&nbsp;determinar a cobran\u00e7a da bandeira amarela nas contas de luz no m\u00eas de janeiro. Neste m\u00eas de fevereiro, devido \u00e0 melhora na previs\u00e3o para as chuvas, vigora a bandeira verde e n\u00e3o h\u00e1 cobran\u00e7a extra nas contas de luz.&nbsp;&nbsp;Fonte: Aneel\n\n<\/p>\n","protected":false},"excerpt":{"rendered":"<p>Levantamento da Aneel mostra que consumidores pagaram R$ 35,42 bi desde 2015, quando bandeira tarif\u00e1ria entrou em vigor. Jirau (RO) abastece 40 milh\u00f5es de pessoas e<span class=\"excerpt-hellip\"> [\u2026]<\/span><\/p>\n","protected":false},"author":1,"featured_media":687,"comment_status":"closed","ping_status":"closed","sticky":false,"template":"","format":"standard","meta":{"footnotes":""},"categories":[1],"tags":[],"class_list":["post-1034","post","type-post","status-publish","format-standard","has-post-thumbnail","hentry","category-filtros-capacitivos"],"_links":{"self":[{"href":"https:\/\/filtrocapacitivo.com.br\/blog\/wp-json\/wp\/v2\/posts\/1034","targetHints":{"allow":["GET"]}}],"collection":[{"href":"https:\/\/filtrocapacitivo.com.br\/blog\/wp-json\/wp\/v2\/posts"}],"about":[{"href":"https:\/\/filtrocapacitivo.com.br\/blog\/wp-json\/wp\/v2\/types\/post"}],"author":[{"embeddable":true,"href":"https:\/\/filtrocapacitivo.com.br\/blog\/wp-json\/wp\/v2\/users\/1"}],"replies":[{"embeddable":true,"href":"https:\/\/filtrocapacitivo.com.br\/blog\/wp-json\/wp\/v2\/comments?post=1034"}],"version-history":[{"count":1,"href":"https:\/\/filtrocapacitivo.com.br\/blog\/wp-json\/wp\/v2\/posts\/1034\/revisions"}],"predecessor-version":[{"id":1035,"href":"https:\/\/filtrocapacitivo.com.br\/blog\/wp-json\/wp\/v2\/posts\/1034\/revisions\/1035"}],"wp:featuredmedia":[{"embeddable":true,"href":"https:\/\/filtrocapacitivo.com.br\/blog\/wp-json\/wp\/v2\/media\/687"}],"wp:attachment":[{"href":"https:\/\/filtrocapacitivo.com.br\/blog\/wp-json\/wp\/v2\/media?parent=1034"}],"wp:term":[{"taxonomy":"category","embeddable":true,"href":"https:\/\/filtrocapacitivo.com.br\/blog\/wp-json\/wp\/v2\/categories?post=1034"},{"taxonomy":"post_tag","embeddable":true,"href":"https:\/\/filtrocapacitivo.com.br\/blog\/wp-json\/wp\/v2\/tags?post=1034"}],"curies":[{"name":"wp","href":"https:\/\/api.w.org\/{rel}","templated":true}]}}