{"id":1037,"date":"2020-03-25T10:15:51","date_gmt":"2020-03-25T13:15:51","guid":{"rendered":"http:\/\/filtrocapacitivo.com.br\/blog\/?p=1037"},"modified":"2020-03-23T10:16:51","modified_gmt":"2020-03-23T13:16:51","slug":"tarifa-extra-na-conta-de-luz-soma-r-35-bi","status":"publish","type":"post","link":"https:\/\/filtrocapacitivo.com.br\/blog\/tarifa-extra-na-conta-de-luz-soma-r-35-bi\/","title":{"rendered":"Tarifa extra na conta de luz soma R$ 35 bi"},"content":{"rendered":"\n<p>Desde que foi institu\u00eddo o mecanismo de bandeira tarif\u00e1ria na fatura de energia el\u00e9trica, em 2015, os consumidores brasileiros pagaram R$ 35,4 bilh\u00f5es de acr\u00e9scimo nas contas de luz. Segundo a Ag\u00eancia Nacional de Energia El\u00e9trica (Aneel), \u00f3rg\u00e3o respons\u00e1vel por definir qual bandeira vigora em cada m\u00eas, a conta est\u00e1 superavit\u00e1ria em R$ 736,9 milh\u00f5es. \u201cEsse valor ser\u00e1 utilizado para reduzir as tarifas em 2020\u201d, informou ontem.<\/p>\n\n\n\n<p>Em 2015, a receita faturada foi R$ 14,9 bilh\u00f5es. No ano seguinte, foram R$ 3,5 bilh\u00f5es. Em 2017, os consumidores brasileiros pagaram R$ 6,1 bilh\u00f5es em custos extras por conta das bandeiras tarif\u00e1rias. Em 2018, foram R$ 6,8 bilh\u00f5es e, no ano passado, R$ 4,2 bilh\u00f5es.<\/p>\n\n\n\n<p>O sistema de bandeiras entrou em vigor em 2015, por conta do alto custo da energia naquele ano, em que houve uma seca severa e os reservat\u00f3rios de \u00e1gua ficaram com n\u00edveis muito baixos. Naquele ano, houve 12 meses de bandeira vermelha, por isso o valor foi muito superior aos demais. A medida buscou equalizar as contas das distribuidoras, que, antes do mecanismo, suportavam o aumento do custo de energia, que s\u00f3 eram corrigidos uma vez por ano, durante a revis\u00e3o tarif\u00e1ria das concession\u00e1rias.<\/p>\n\n\n\n<p>Como o custo da energia ficou muito alto, porque, em plena estiagem, o mix de gera\u00e7\u00e3o teve que ser composto de mais termel\u00e9tricas, as distribuidoras acabaram muito endividadas. A sa\u00edda encontrada pelo \u00f3rg\u00e3o regulador foi antecipar a corre\u00e7\u00e3o do custo de energia por meio das bandeiras tarif\u00e1rias.<\/p>\n\n\n\n<p>Com tr\u00eas cores, as bandeiras sinalizam quando a gera\u00e7\u00e3o da energia \u00e9 mais cara. Assim, na bandeira verde, como a que vigora em fevereiro, n\u00e3o h\u00e1 custo extra porque a previs\u00e3o de chuvas garante que n\u00e3o haver\u00e1 risco hidrol\u00f3gico.<\/p>\n\n\n\n<p>A bandeira amarela mostra que as t\u00e9rmicas mais baratas tiveram que ser acionadas, com adicional de R$ 1,343 para cada 100 quilowatts-hora (kWh) consumidos. Conforme a aumenta a necessidade de acionamento de mais termel\u00e9tricas (o valor varia conforme o combust\u00edvel, sendo as mais caras as que queimam \u00f3leo diesel), muda a bandeira.<\/p>\n\n\n\n<p>A sinaliza\u00e7\u00e3o vermelha tem dois patamares. No primeiro, o custo adicional \u00e9 de R$ 4,169 para cada 100 kWh consumidos. No patamar 2, o acr\u00e9scimo \u00e9 de R$ 6,243 para cada 100kWh consumidos.<\/p>\n","protected":false},"excerpt":{"rendered":"<p>Desde que foi institu\u00eddo o mecanismo de bandeira tarif\u00e1ria na fatura de energia el\u00e9trica, em 2015, os consumidores brasileiros pagaram R$ 35,4 bilh\u00f5es de acr\u00e9scimo nas<span class=\"excerpt-hellip\"> [\u2026]<\/span><\/p>\n","protected":false},"author":1,"featured_media":984,"comment_status":"closed","ping_status":"closed","sticky":false,"template":"","format":"standard","meta":{"footnotes":""},"categories":[1],"tags":[],"class_list":["post-1037","post","type-post","status-publish","format-standard","has-post-thumbnail","hentry","category-filtros-capacitivos"],"_links":{"self":[{"href":"https:\/\/filtrocapacitivo.com.br\/blog\/wp-json\/wp\/v2\/posts\/1037","targetHints":{"allow":["GET"]}}],"collection":[{"href":"https:\/\/filtrocapacitivo.com.br\/blog\/wp-json\/wp\/v2\/posts"}],"about":[{"href":"https:\/\/filtrocapacitivo.com.br\/blog\/wp-json\/wp\/v2\/types\/post"}],"author":[{"embeddable":true,"href":"https:\/\/filtrocapacitivo.com.br\/blog\/wp-json\/wp\/v2\/users\/1"}],"replies":[{"embeddable":true,"href":"https:\/\/filtrocapacitivo.com.br\/blog\/wp-json\/wp\/v2\/comments?post=1037"}],"version-history":[{"count":1,"href":"https:\/\/filtrocapacitivo.com.br\/blog\/wp-json\/wp\/v2\/posts\/1037\/revisions"}],"predecessor-version":[{"id":1038,"href":"https:\/\/filtrocapacitivo.com.br\/blog\/wp-json\/wp\/v2\/posts\/1037\/revisions\/1038"}],"wp:featuredmedia":[{"embeddable":true,"href":"https:\/\/filtrocapacitivo.com.br\/blog\/wp-json\/wp\/v2\/media\/984"}],"wp:attachment":[{"href":"https:\/\/filtrocapacitivo.com.br\/blog\/wp-json\/wp\/v2\/media?parent=1037"}],"wp:term":[{"taxonomy":"category","embeddable":true,"href":"https:\/\/filtrocapacitivo.com.br\/blog\/wp-json\/wp\/v2\/categories?post=1037"},{"taxonomy":"post_tag","embeddable":true,"href":"https:\/\/filtrocapacitivo.com.br\/blog\/wp-json\/wp\/v2\/tags?post=1037"}],"curies":[{"name":"wp","href":"https:\/\/api.w.org\/{rel}","templated":true}]}}