{"id":1039,"date":"2020-03-30T10:17:11","date_gmt":"2020-03-30T13:17:11","guid":{"rendered":"http:\/\/filtrocapacitivo.com.br\/blog\/?p=1039"},"modified":"2020-03-23T10:18:45","modified_gmt":"2020-03-23T13:18:45","slug":"nivel-dos-reservatorios-de-hidreletricas-do-sudeste-e-centro-oeste-e-o-menor-desde-2015","status":"publish","type":"post","link":"https:\/\/filtrocapacitivo.com.br\/blog\/nivel-dos-reservatorios-de-hidreletricas-do-sudeste-e-centro-oeste-e-o-menor-desde-2015\/","title":{"rendered":"N\u00edvel dos reservat\u00f3rios de hidrel\u00e9tricas do Sudeste e Centro-Oeste \u00e9 o menor desde 2015"},"content":{"rendered":"\n<h2 class=\"wp-block-heading\">Aneel e ONS acreditam que per\u00edodo chuvoso foi deslocado e negam risco de falta de energia no pa\u00eds. Hidrel\u00e9tricas da regi\u00e3o Norte v\u00e3o enviar mais energia para o Sudeste e Centro-Oeste.<\/h2>\n\n\n\n<p>Os reservat\u00f3rios de hidrel\u00e9tricas do Sudeste e Centro-Oeste registram o mais baixo armazenamento de \u00e1gua para esta \u00e9poca do ano desde 2015, segundo dados do Operador Nacional do Sistema El\u00e9trico (ONS).<\/p>\n\n\n\n<p>As duas regi\u00f5es abrigam as usinas respons\u00e1veis pela maior parte da gera\u00e7\u00e3o hidrel\u00e9trica do Brasil.<\/p>\n\n\n\n<p>Em 14 de janeiro, os reservat\u00f3rios registravam armazenamento m\u00e9dio de 21,05%. Em janeiro de 2015, neste mesmo dia, eles estavam com 18,94%, na m\u00e9dia.<\/p>\n\n\n\n<p>J\u00e1 em janeiro de 2019, no mesmo dia, o n\u00edvel m\u00e9dio nessas hidrel\u00e9tricas era de 28,52%.<\/p>\n\n\n\n<p>Menos \u00e1gua nos reservat\u00f3rios das hidrel\u00e9tricas significa mais acionamento de t\u00e9rmicas e energia mais cara. Segundo o diretor-geral da Ag\u00eancia Nacional de Energia El\u00e9trica (Aneel), Andr\u00e9 Pepitone, a preocupa\u00e7\u00e3o hoje \u00e9 com o custo que pode acabar na conta dos consumidores.<\/p>\n\n\n\n<p>Desde 2015, os consumidores pagam mensalmente quando a gera\u00e7\u00e3o de energia fica mais cara por causa do baixo n\u00edvel dos reservat\u00f3rios. O pagamento \u00e9 feito via sistema de bandeiras tarif\u00e1rias.<\/p>\n\n\n\n<p>Mesmo com o ano come\u00e7ando com reservat\u00f3rios mais cheios, em 2019 os consumidores pagaram mais de R$ 3,5 bilh\u00f5es em bandeiras tarif\u00e1rias, que s\u00f3 foram acionadas a partir de maio. J\u00e1 em 2020, o ano come\u00e7ou com&nbsp;bandeira amarela acionada, o que significa uma cobran\u00e7a extra de R$ 1,34 a cada 100 quilowatts-hora (kWh) de energia consumida.<\/p>\n\n\n\n<p>&#8220;Estamos vivendo uma situa\u00e7\u00e3o at\u00edpica de bandeira amarela, tanto no m\u00eas de dezembro quanto no m\u00eas de janeiro. Isso tem uma repercuss\u00e3o em pre\u00e7o porque estamos acionando um grupo t\u00e9rmico, no entanto n\u00e3o existe a menor d\u00favida quanto \u00e0 seguran\u00e7a de abastecimento do sistema. O sistema est\u00e1 est\u00e1vel e temos energia para atender a carga&#8221;, afirmou Pepitone.<\/p>\n\n\n\n<p>Em dezembro de 2019, por exemplo, o acionamento a produ\u00e7\u00e3o de energia por t\u00e9rmicas foi o dobro da produ\u00e7\u00e3o em dezembro de 2018. Segundo dados do ONS, a m\u00e9dia da gera\u00e7\u00e3o em dezembro de 2018 foi de 5.362 Megawatts (MW) m\u00e9dio por dia, j\u00e1 em dezembro de 2019 essa gera\u00e7\u00e3o subiu para 10.272 MW m\u00e9dio por dia. Nos primeiros dias de janeiro deste ano, a gera\u00e7\u00e3o t\u00e9rmica se mant\u00e9m em mais de 10 mil MW m\u00e9dio por dia.<\/p>\n\n\n\n<p>Segundo Pepitone, o baixo n\u00edvel dos reservat\u00f3rios n\u00e3o representa risco para o abastecimento de energia do pa\u00eds, mesmo diante de uma previs\u00e3o de crescimento maior da economia em 2020.<\/p>\n\n\n\n<p>A expectativa tanto do ONS e quanto da Aneel \u00e9 de que as chuvas v\u00e3o melhorar ao longo de janeiro, o que ajudar\u00e1 a recuperar o n\u00edvel dos reservat\u00f3rios.<\/p>\n\n\n\n<p>Apesar de mais baixo que em anos anteriores, o armazenamento atual j\u00e1 \u00e9 um pouco melhor que o verificado ao final de dezembro de 2019, quando os reservat\u00f3rios estavam com 20,11%, em m\u00e9dia, o pior n\u00edvel para aquele m\u00eas desde 2014.<\/p>\n\n\n\n<h2 class=\"wp-block-heading\">Grandes usinas<\/h2>\n\n\n\n<p>O diretor-geral do ONS, Luiz Barata, disse que o ONS conta com as usinas da regi\u00e3o Norte para preservar os reservat\u00f3rios do Sudeste e Centro-Oeste.<\/p>\n\n\n\n<p>At\u00e9 o final de janeiro, cerca de 14 mil MegaWatts (MW) dos mais de 18 mil MW que ser\u00e3o gerados pelas usinas do rio Madeira (Jirau e Santo Ant\u00f4nio), por Belo Monte e por Tucuru\u00ed, ter\u00e3o como destino o abastecimento do Sudeste e Centro-Oeste.<\/p>\n\n\n\n<p>Esses 14 mil MW s\u00e3o suficientes para abastecer, por exemplo, um pa\u00eds como a Argentina.<\/p>\n\n\n\n<p>&#8220;As usinas do Madeira est\u00e3o no m\u00e1ximo de produ\u00e7\u00e3o e estamos trazendo toda essa energia para o Sudeste. Tucuru\u00ed e Belo Monte ainda n\u00e3o aconteceu porque as chuvas est\u00e3o come\u00e7ando, mas est\u00e3o subindo e ainda em janeiro vamos poder utilizar na plenitude das usinas de Tucuru\u00ed e Belo Monte&#8221;, disse Barata.<\/p>\n\n\n\n<p>Ser\u00e1 a primeira vez que o ONS vai contar com toda a energia gerada pelas grandes hidrel\u00e9tricas do Norte do pa\u00eds para abastecer as outras regi\u00f5es e ajudar a recuperar os reservat\u00f3rios.<\/p>\n\n\n\n<p>Os diretores da Aneel e do ONS acreditam que o per\u00edodo chuvoso foi deslocado e que a tend\u00eancia agora \u00e9 de mais chuvas e de melhora no n\u00edvel dos reservat\u00f3rios do Sudeste e Centro-Oeste.<\/p>\n\n\n\n<p>Barata apontou que a expectativa \u00e9 que os reservat\u00f3rios das duas regi\u00f5es cheguem ao final do per\u00edodo \u00famido com armazenamento m\u00e9dio entre 33% e 55%.<\/p>\n","protected":false},"excerpt":{"rendered":"<p>Aneel e ONS acreditam que per\u00edodo chuvoso foi deslocado e negam risco de falta de energia no pa\u00eds. Hidrel\u00e9tricas da regi\u00e3o Norte v\u00e3o enviar mais energia<span class=\"excerpt-hellip\"> [\u2026]<\/span><\/p>\n","protected":false},"author":1,"featured_media":638,"comment_status":"closed","ping_status":"closed","sticky":false,"template":"","format":"standard","meta":{"footnotes":""},"categories":[1],"tags":[],"class_list":["post-1039","post","type-post","status-publish","format-standard","has-post-thumbnail","hentry","category-filtros-capacitivos"],"_links":{"self":[{"href":"https:\/\/filtrocapacitivo.com.br\/blog\/wp-json\/wp\/v2\/posts\/1039","targetHints":{"allow":["GET"]}}],"collection":[{"href":"https:\/\/filtrocapacitivo.com.br\/blog\/wp-json\/wp\/v2\/posts"}],"about":[{"href":"https:\/\/filtrocapacitivo.com.br\/blog\/wp-json\/wp\/v2\/types\/post"}],"author":[{"embeddable":true,"href":"https:\/\/filtrocapacitivo.com.br\/blog\/wp-json\/wp\/v2\/users\/1"}],"replies":[{"embeddable":true,"href":"https:\/\/filtrocapacitivo.com.br\/blog\/wp-json\/wp\/v2\/comments?post=1039"}],"version-history":[{"count":1,"href":"https:\/\/filtrocapacitivo.com.br\/blog\/wp-json\/wp\/v2\/posts\/1039\/revisions"}],"predecessor-version":[{"id":1040,"href":"https:\/\/filtrocapacitivo.com.br\/blog\/wp-json\/wp\/v2\/posts\/1039\/revisions\/1040"}],"wp:featuredmedia":[{"embeddable":true,"href":"https:\/\/filtrocapacitivo.com.br\/blog\/wp-json\/wp\/v2\/media\/638"}],"wp:attachment":[{"href":"https:\/\/filtrocapacitivo.com.br\/blog\/wp-json\/wp\/v2\/media?parent=1039"}],"wp:term":[{"taxonomy":"category","embeddable":true,"href":"https:\/\/filtrocapacitivo.com.br\/blog\/wp-json\/wp\/v2\/categories?post=1039"},{"taxonomy":"post_tag","embeddable":true,"href":"https:\/\/filtrocapacitivo.com.br\/blog\/wp-json\/wp\/v2\/tags?post=1039"}],"curies":[{"name":"wp","href":"https:\/\/api.w.org\/{rel}","templated":true}]}}