{"id":1041,"date":"2020-04-02T10:18:53","date_gmt":"2020-04-02T13:18:53","guid":{"rendered":"http:\/\/filtrocapacitivo.com.br\/blog\/?p=1041"},"modified":"2020-03-23T10:20:11","modified_gmt":"2020-03-23T13:20:11","slug":"consumidores-pagarao-r-201-bilhoes-nas-contas-de-luz-em-2020-para-bancar-subsidios","status":"publish","type":"post","link":"https:\/\/filtrocapacitivo.com.br\/blog\/consumidores-pagarao-r-201-bilhoes-nas-contas-de-luz-em-2020-para-bancar-subsidios\/","title":{"rendered":"Consumidores pagar\u00e3o R$ 20,1 bilh\u00f5es nas contas de luz em 2020 para bancar subs\u00eddios"},"content":{"rendered":"\n<h2 class=\"wp-block-heading\">Alta m\u00e9dia nas tarifas ser\u00e1 2,36%. Recursos s\u00e3o usados para custear benef\u00edcios, como o desconto no valor da tarifa para quem faz irriga\u00e7\u00e3o e para fam\u00edlias de baixa renda.<\/h2>\n\n\n\n<p>Os consumidores brasileiros pagar\u00e3o R$ 20,105 bilh\u00f5es nas contas de luz em 2020 para bancar a\u00e7\u00f5es e subs\u00eddios concedidos pelo governo no setor de energia, como desconto na conta de luz para irriga\u00e7\u00e3o e para consumidores de baixa renda.<\/p>\n\n\n\n<p>A estimativa \u00e9 que essa cobran\u00e7a leve a uma alta m\u00e9dia de 2,36% nas tarifas de energia em 2020. Essa alta se refere apenas \u00e0 contribui\u00e7\u00e3o para bancar os subs\u00eddios e n\u00e3o inclui outros custos que impactam as contas de luz, como energia, transmiss\u00e3o e distribui\u00e7\u00e3o.<\/p>\n\n\n\n<p>Para os consumidores das regi\u00f5es Sul, Sudeste e Centro-Oeste, o impacto m\u00e9dio ser\u00e1 de 2,73%. Para os consumidores do Norte e Nordeste, 1,50%.<\/p>\n\n\n\n<p>Por lei, consumidores do Norte e Nordeste pagam uma parcela menor da CDE do que os consumidores do Sul, Sudeste e Centro-Oeste.<\/p>\n\n\n\n<p>O valor de R$ 20,150 bilh\u00f5es se refere ao or\u00e7amento de 2020 da Conta de Desenvolvimento Energ\u00e9tico (CDE), fundo usado para pagar esses subs\u00eddios, que foi aprovado nesta ter\u00e7a-feira (17) pela Ag\u00eancia Nacional de Energia El\u00e9trica (Aneel).<\/p>\n\n\n\n<p>O custo da conta que ser\u00e1 paga pelos consumidores em 2020 \u00e9 recorde. Na compara\u00e7\u00e3o com o or\u00e7amento da CDE de 2019 (R$ 16,238 bilh\u00f5es), a alta \u00e9 de R$ 3,8 bilh\u00f5es.<\/p>\n\n\n\n<p>De acordo com a ag\u00eancia, uma das principais raz\u00f5es para esse aumento \u00e9 a alta no subs\u00eddio para a compra de \u00f3leo que abastece usinas termel\u00e9tricas que geram energia para atender o estado de Roraima.<\/p>\n\n\n\n<p>&#8220;O aumento na conta CDE foi de 8% nas despesas e ocorreu basicamente em fun\u00e7\u00e3o da necessidade de suprimento de \u00f3leo na capital Boa Vista, em fun\u00e7\u00e3o da interrup\u00e7\u00e3o do fornecimento de energia el\u00e9trica pela Venezuela&#8221;, afirmou o relator do processo, Sandoval Feitosa.<\/p>\n\n\n\n<p>Desde mar\u00e7o de 2019 o estado de Roraima n\u00e3o recebe mais energia importada da Venezuela e \u00e9 abastecido 100% por usinas termel\u00e9tricas, o que encareceu o custo da energia no estado.<\/p>\n\n\n\n<p>Roraima n\u00e3o \u00e9 interligado \u00e0 rede de energia que atende ao restante do pa\u00eds e depende dessas usinas para atender \u00e0 demanda da popula\u00e7\u00e3o por eletricidade.<\/p>\n\n\n\n<p>Segundo o diretor-geral da Aneel, Andr\u00e9 Pepitone, em 2018, o abastecimento de Roraima custou aos consumidores do restante do pa\u00eds R$ 600 milh\u00f5es. Em 2019, esse custou passou para R$ 1,2 bilh\u00e3o e, para 2020, a estimativa \u00e9 que ele chegue a R$ 1,6 bilh\u00e3o.<\/p>\n\n\n\n<p>Outras despesas importantes da CDE s\u00e3o:<\/p>\n\n\n\n<ul class=\"wp-block-list\"><li>T\u00e9rmicas: o custo para a compra de \u00f3leo que abastece usinas termel\u00e9tricas que geram energia em regi\u00f5es do pa\u00eds que n\u00e3o est\u00e3o ligadas ao sistema nacional de transmiss\u00e3o, que inclui o estado de Roraima, passou de R$ 6,310 bilh\u00f5es em 2019 para para R$ 7,489 bilh\u00f5es em 2020, alta de 19% ou R$ 1,180 bilh\u00e3o. Em volume, esse foi o item com maior alta entre os custos da CDE.<\/li><li>Baixa renda: em 2020 tamb\u00e9m deve crescer as despesas com tarifa social. O c\u00e1lculo da Aneel estima um gasto de R$ 2,661 bilh\u00f5es com o desconto dado para fam\u00edlias de baixa renda, um aumento de R$ 281 milh\u00f5es, principalmente em fun\u00e7\u00e3o do aumento no n\u00famero de beneficiados.<\/li><li>Distribui\u00e7\u00e3o: os descontos dados na distribui\u00e7\u00e3o de energia, que inclui o benef\u00edcio para quem faz irriga\u00e7\u00e3o e para companhias de \u00e1gua e esgoto, custar\u00e3o R$ 8,494 bilh\u00f5es em 2020, o que representou uma leve queda de R$ 35 milh\u00f5es em rela\u00e7\u00e3o ao valor de 2019.<\/li><\/ul>\n","protected":false},"excerpt":{"rendered":"<p>Alta m\u00e9dia nas tarifas ser\u00e1 2,36%. Recursos s\u00e3o usados para custear benef\u00edcios, como o desconto no valor da tarifa para quem faz irriga\u00e7\u00e3o e para fam\u00edlias<span class=\"excerpt-hellip\"> [\u2026]<\/span><\/p>\n","protected":false},"author":1,"featured_media":940,"comment_status":"closed","ping_status":"closed","sticky":false,"template":"","format":"standard","meta":{"footnotes":""},"categories":[1],"tags":[],"class_list":["post-1041","post","type-post","status-publish","format-standard","has-post-thumbnail","hentry","category-filtros-capacitivos"],"_links":{"self":[{"href":"https:\/\/filtrocapacitivo.com.br\/blog\/wp-json\/wp\/v2\/posts\/1041","targetHints":{"allow":["GET"]}}],"collection":[{"href":"https:\/\/filtrocapacitivo.com.br\/blog\/wp-json\/wp\/v2\/posts"}],"about":[{"href":"https:\/\/filtrocapacitivo.com.br\/blog\/wp-json\/wp\/v2\/types\/post"}],"author":[{"embeddable":true,"href":"https:\/\/filtrocapacitivo.com.br\/blog\/wp-json\/wp\/v2\/users\/1"}],"replies":[{"embeddable":true,"href":"https:\/\/filtrocapacitivo.com.br\/blog\/wp-json\/wp\/v2\/comments?post=1041"}],"version-history":[{"count":2,"href":"https:\/\/filtrocapacitivo.com.br\/blog\/wp-json\/wp\/v2\/posts\/1041\/revisions"}],"predecessor-version":[{"id":1048,"href":"https:\/\/filtrocapacitivo.com.br\/blog\/wp-json\/wp\/v2\/posts\/1041\/revisions\/1048"}],"wp:featuredmedia":[{"embeddable":true,"href":"https:\/\/filtrocapacitivo.com.br\/blog\/wp-json\/wp\/v2\/media\/940"}],"wp:attachment":[{"href":"https:\/\/filtrocapacitivo.com.br\/blog\/wp-json\/wp\/v2\/media?parent=1041"}],"wp:term":[{"taxonomy":"category","embeddable":true,"href":"https:\/\/filtrocapacitivo.com.br\/blog\/wp-json\/wp\/v2\/categories?post=1041"},{"taxonomy":"post_tag","embeddable":true,"href":"https:\/\/filtrocapacitivo.com.br\/blog\/wp-json\/wp\/v2\/tags?post=1041"}],"curies":[{"name":"wp","href":"https:\/\/api.w.org\/{rel}","templated":true}]}}