{"id":105,"date":"2014-09-10T15:44:17","date_gmt":"2014-09-10T15:44:17","guid":{"rendered":"http:\/\/filtrocapacitivo.com.br\/blog\/?p=105"},"modified":"2014-09-10T15:44:17","modified_gmt":"2014-09-10T15:44:17","slug":"informativo-lumilight-do-brasil","status":"publish","type":"post","link":"https:\/\/filtrocapacitivo.com.br\/blog\/informativo-lumilight-do-brasil\/","title":{"rendered":"INFORMATIVO LUMILIGHT DO BRASIL"},"content":{"rendered":"<p>Segue mais uma publica\u00e7\u00e3o com a participa\u00e7\u00e3o da Lumilight do Brasil atrav\u00e9s de seus Distribuidores Rafael Menezes e Ricardo Menezes na revista TI NORDESTE \u2013 Agosto 2014, ed. n\u00ba 18\/ANO 3, apresentando uma nota informando a parceria realizada entre a CARAMELO ARQUITETOS, um dos mais conceituados escrit\u00f3rios de arquitetura do Nordeste, e nossos Distribuidores no Estado da Bahia salientando a import\u00e2ncia do nosso Filtro Capacitivo Inteligente Lumilight do Brasil em rela\u00e7\u00e3o a sustentabilidade, efici\u00eancia energ\u00e9tica, prote\u00e7\u00e3o dos equipamentos em rede e na economia direta que nossa tecnologia traz para seus clientes atrav\u00e9s de uma elimina\u00e7\u00e3o de desperd\u00edcios. A entrevista foi realizada com o Arquiteto Frank Caramelo, S\u00f3cio e filho do propriet\u00e1rio da CARAMELO ARQUITETOS, enfatizando nossa proposta sendo divulgada e aplicada em seus projetos.<br \/>\nGostar\u00edamos de dar os parab\u00e9ns novamente aos nossos Distribuidores da Bahia, Senhor Rafael Menezes e ao Senhor Ricardo Menezes, pelo excelente trabalho que veem fazendo dentro do Estado.<\/p>\n\n\t\t\t<style type='text\/css'>\n\t\t\t\t#gallery-1 {\n\t\t\t\t\tmargin: auto;\n\t\t\t\t}\n\t\t\t\t#gallery-1 .gallery-item {\n\t\t\t\t\tfloat: left;\n\t\t\t\t\tmargin-top: 10px;\n\t\t\t\t\ttext-align: center;\n\t\t\t\t\twidth: 33.33%;\n\t\t\t\t}\n\t\t\t\t#gallery-1 img {\n\t\t\t\t\tborder: 2px solid #cfcfcf;\n\t\t\t\t}\n\t\t\t\t#gallery-1 .gallery-caption {\n\t\t\t\t\tmargin-left: 0;\n\t\t\t\t}\n\t\t\t\t\/* see gallery_shortcode() in wp-includes\/media.php *\/\n\t\t\t<\/style>\n\t\t<div id='gallery-1' class='gallery galleryid-105 gallery-columns-3 gallery-size-thumbnail file'><dl class='gallery-item'>\n\t\t\t\t<dt class='gallery-icon portrait'>\n\t\t\t\t\t<a title=\"Screenshot_2014-09-04-15-12-02\" href='https:\/\/filtrocapacitivo.com.br\/blog\/wp-content\/uploads\/2014\/09\/Screenshot_2014-09-04-15-12-02.jpg'><img loading=\"lazy\" decoding=\"async\" width=\"150\" height=\"150\" src=\"https:\/\/filtrocapacitivo.com.br\/blog\/wp-content\/uploads\/2014\/09\/Screenshot_2014-09-04-15-12-02-150x150.jpg\" class=\"attachment-thumbnail size-thumbnail\" alt=\"\" \/><\/a>\n\t\t\t\t<\/dt><\/dl><dl class='gallery-item'>\n\t\t\t\t<dt class='gallery-icon portrait'>\n\t\t\t\t\t<a title=\"Screenshot_2014-09-04-15-13-37\" href='https:\/\/filtrocapacitivo.com.br\/blog\/wp-content\/uploads\/2014\/09\/Screenshot_2014-09-04-15-13-37.jpg'><img loading=\"lazy\" decoding=\"async\" width=\"150\" height=\"150\" src=\"https:\/\/filtrocapacitivo.com.br\/blog\/wp-content\/uploads\/2014\/09\/Screenshot_2014-09-04-15-13-37-150x150.jpg\" class=\"attachment-thumbnail size-thumbnail\" alt=\"\" \/><\/a>\n\t\t\t\t<\/dt><\/dl><dl class='gallery-item'>\n\t\t\t\t<dt class='gallery-icon portrait'>\n\t\t\t\t\t<a title=\"Screenshot_2014-09-04-15-17-55\" href='https:\/\/filtrocapacitivo.com.br\/blog\/wp-content\/uploads\/2014\/09\/Screenshot_2014-09-04-15-17-55.jpg'><img loading=\"lazy\" decoding=\"async\" width=\"150\" height=\"150\" src=\"https:\/\/filtrocapacitivo.com.br\/blog\/wp-content\/uploads\/2014\/09\/Screenshot_2014-09-04-15-17-55-150x150.jpg\" class=\"attachment-thumbnail size-thumbnail\" alt=\"\" \/><\/a>\n\t\t\t\t<\/dt><\/dl><br style=\"clear: both\" \/>\n\t\t\t<\/div>\n\n","protected":false},"excerpt":{"rendered":"<p>Segue mais uma publica\u00e7\u00e3o com a participa\u00e7\u00e3o da Lumilight do Brasil atrav\u00e9s de seus Distribuidores Rafael Menezes e Ricardo Menezes na revista TI NORDESTE \u2013 Agosto<span class=\"excerpt-hellip\"> [\u2026]<\/span><\/p>\n","protected":false},"author":1,"featured_media":0,"comment_status":"open","ping_status":"open","sticky":false,"template":"","format":"standard","meta":{"footnotes":""},"categories":[5],"tags":[],"class_list":["post-105","post","type-post","status-publish","format-standard","hentry","category-noticias"],"_links":{"self":[{"href":"https:\/\/filtrocapacitivo.com.br\/blog\/wp-json\/wp\/v2\/posts\/105","targetHints":{"allow":["GET"]}}],"collection":[{"href":"https:\/\/filtrocapacitivo.com.br\/blog\/wp-json\/wp\/v2\/posts"}],"about":[{"href":"https:\/\/filtrocapacitivo.com.br\/blog\/wp-json\/wp\/v2\/types\/post"}],"author":[{"embeddable":true,"href":"https:\/\/filtrocapacitivo.com.br\/blog\/wp-json\/wp\/v2\/users\/1"}],"replies":[{"embeddable":true,"href":"https:\/\/filtrocapacitivo.com.br\/blog\/wp-json\/wp\/v2\/comments?post=105"}],"version-history":[{"count":2,"href":"https:\/\/filtrocapacitivo.com.br\/blog\/wp-json\/wp\/v2\/posts\/105\/revisions"}],"predecessor-version":[{"id":110,"href":"https:\/\/filtrocapacitivo.com.br\/blog\/wp-json\/wp\/v2\/posts\/105\/revisions\/110"}],"wp:attachment":[{"href":"https:\/\/filtrocapacitivo.com.br\/blog\/wp-json\/wp\/v2\/media?parent=105"}],"wp:term":[{"taxonomy":"category","embeddable":true,"href":"https:\/\/filtrocapacitivo.com.br\/blog\/wp-json\/wp\/v2\/categories?post=105"},{"taxonomy":"post_tag","embeddable":true,"href":"https:\/\/filtrocapacitivo.com.br\/blog\/wp-json\/wp\/v2\/tags?post=105"}],"curies":[{"name":"wp","href":"https:\/\/api.w.org\/{rel}","templated":true}]}}