{"id":1055,"date":"2020-04-15T17:12:22","date_gmt":"2020-04-15T20:12:22","guid":{"rendered":"http:\/\/filtrocapacitivo.com.br\/blog\/?p=1055"},"modified":"2020-04-15T17:19:54","modified_gmt":"2020-04-15T20:19:54","slug":"mme-cria-comites-para-centralizar-demandas-do-setor-de-energia","status":"publish","type":"post","link":"https:\/\/filtrocapacitivo.com.br\/blog\/mme-cria-comites-para-centralizar-demandas-do-setor-de-energia\/","title":{"rendered":"MME cria comit\u00eas para centralizar demandas do setor de energia"},"content":{"rendered":"\n<p>O Ministro de Minas e Energia (MME), Bento Albuquerque, assinou tr\u00eas portarias que criam comit\u00eas para articular as demandas dos setores de energia el\u00e9trica, de petr\u00f3leo, g\u00e1s natural e biocombust\u00edveis e de minera\u00e7\u00e3o, e tratar dos impactos do novo coronav\u00edrus (covid-19) sobre a economia e a sociedade.<\/p>\n\n\n\n<p>Os comit\u00eas t\u00eam o objetivo de coordenar e acompanhar as discuss\u00f5es e as medidas de enfrentamento aos desafios que o contexto atual tem imposto de forma excepcional aos setores da pasta, mantendo um di\u00e1logo permanente com todos durante este per\u00edodo de emerg\u00eancia.<\/p>\n\n\n\n<p>Trata-se de iniciativa que vai centralizar no MME a gest\u00e3o da crise nos setores energ\u00e9tico e mineral, concentrando as tratativas com agentes, \u00f3rg\u00e3os e entidades para a defini\u00e7\u00e3o de a\u00e7\u00f5es de enfrentamento aos impactos da pandemia sobre estes setores, seus integrantes e usu\u00e1rios.<\/p>\n\n\n\n<p>Os membros efetivos dos comit\u00eas, coordenados pelos Secret\u00e1rios da Secretaria de Energia El\u00e9trica (SEE), da Secretaria de Petr\u00f3leo, G\u00e1s Natural e Biocombust\u00edveis (SPG) e da Secretaria de Geologia e Transforma\u00e7\u00e3o Mineral (SGM), s\u00e3o servidores e autoridades da Pasta, e de suas reuni\u00f5es poder\u00e3o participar, enquanto convidados, agentes, representantes de entidades e especialistas. As atividades do Comit\u00ea ter\u00e3o car\u00e1ter tempor\u00e1rio, enquanto durar o estado de emerg\u00eancia para conter o coronav\u00edrus no Brasil.<\/p>\n","protected":false},"excerpt":{"rendered":"<p>O Ministro de Minas e Energia (MME), Bento Albuquerque, assinou tr\u00eas portarias que criam comit\u00eas para articular as demandas dos setores de energia el\u00e9trica, de petr\u00f3leo,<span class=\"excerpt-hellip\"> [\u2026]<\/span><\/p>\n","protected":false},"author":1,"featured_media":1084,"comment_status":"closed","ping_status":"closed","sticky":false,"template":"","format":"standard","meta":{"footnotes":""},"categories":[5],"tags":[],"class_list":["post-1055","post","type-post","status-publish","format-standard","has-post-thumbnail","hentry","category-noticias"],"_links":{"self":[{"href":"https:\/\/filtrocapacitivo.com.br\/blog\/wp-json\/wp\/v2\/posts\/1055","targetHints":{"allow":["GET"]}}],"collection":[{"href":"https:\/\/filtrocapacitivo.com.br\/blog\/wp-json\/wp\/v2\/posts"}],"about":[{"href":"https:\/\/filtrocapacitivo.com.br\/blog\/wp-json\/wp\/v2\/types\/post"}],"author":[{"embeddable":true,"href":"https:\/\/filtrocapacitivo.com.br\/blog\/wp-json\/wp\/v2\/users\/1"}],"replies":[{"embeddable":true,"href":"https:\/\/filtrocapacitivo.com.br\/blog\/wp-json\/wp\/v2\/comments?post=1055"}],"version-history":[{"count":1,"href":"https:\/\/filtrocapacitivo.com.br\/blog\/wp-json\/wp\/v2\/posts\/1055\/revisions"}],"predecessor-version":[{"id":1057,"href":"https:\/\/filtrocapacitivo.com.br\/blog\/wp-json\/wp\/v2\/posts\/1055\/revisions\/1057"}],"wp:featuredmedia":[{"embeddable":true,"href":"https:\/\/filtrocapacitivo.com.br\/blog\/wp-json\/wp\/v2\/media\/1084"}],"wp:attachment":[{"href":"https:\/\/filtrocapacitivo.com.br\/blog\/wp-json\/wp\/v2\/media?parent=1055"}],"wp:term":[{"taxonomy":"category","embeddable":true,"href":"https:\/\/filtrocapacitivo.com.br\/blog\/wp-json\/wp\/v2\/categories?post=1055"},{"taxonomy":"post_tag","embeddable":true,"href":"https:\/\/filtrocapacitivo.com.br\/blog\/wp-json\/wp\/v2\/tags?post=1055"}],"curies":[{"name":"wp","href":"https:\/\/api.w.org\/{rel}","templated":true}]}}