{"id":1058,"date":"2020-04-13T17:34:19","date_gmt":"2020-04-13T20:34:19","guid":{"rendered":"http:\/\/filtrocapacitivo.com.br\/blog\/?p=1058"},"modified":"2020-04-13T17:34:22","modified_gmt":"2020-04-13T20:34:22","slug":"cea-recebe-advertencia-por-inadimplencia-e-perdas-de-energia","status":"publish","type":"post","link":"https:\/\/filtrocapacitivo.com.br\/blog\/cea-recebe-advertencia-por-inadimplencia-e-perdas-de-energia\/","title":{"rendered":"CEA recebe advert\u00eancia por inadimpl\u00eancia e perdas de energia"},"content":{"rendered":"\n<p>A diretoria da Ag\u00eancia Nacional de Energia El\u00e9trica advertiu a Companhia de Eletricidade do Amap\u00e1 e o governo do estado para que adotem as medidas necess\u00e1rias \u00e0 solu\u00e7\u00e3o da inadimpl\u00eancia intrassetorial da distribuidora e \u00e0 melhora consistente na trajet\u00f3ria do indicador de perdas de energia el\u00e9trica. A decis\u00e3o \u00e9 resultante de recomenda\u00e7\u00f5es feitas pelo grupo de trabalho que analisou a presta\u00e7\u00e3o de contas do 4\u00ba trimestre de 2017 das distribuidoras designadas para a presta\u00e7\u00e3o tempor\u00e1ria do servi\u00e7o de distribui\u00e7\u00e3o no Norte e no Nordeste.<\/p>\n\n\n\n<p>O grupo era formado pelas distribuidoras da Eletrobras nos estados do Amazonas, Acre, Rond\u00f4nia, Roraima, Piau\u00ed e Alagoas, al\u00e9m da CEA. As seis primeiras empresas foram privatizadas entre agosto e dezembro de 2018, o que resolveu a quest\u00e3o da inadimpl\u00eancia no pagamento de obriga\u00e7\u00f5es setoriais.<\/p>\n\n\n\n<p>No caso da CEA, que ainda \u00e9 operada em car\u00e1ter prec\u00e1rio pelo estado do Amap\u00e1, a recomenda\u00e7\u00e3o do grupo t\u00e9cnico era de que fossem suspensos os empr\u00e9stimos com recursos da Reserva Global de Revers\u00e3o at\u00e9 que a distribuidora regularizasse os d\u00e9bitos setoriais e alcan\u00e7asse uma trajet\u00f3ria de perdas consistente.<\/p>\n\n\n\n<p>A Aneel foi obrigada, no entanto, a cumprir decis\u00e3o judicial que estende \u00e0 empresa todos os benef\u00edcios previstos na Lei n\u00ba 12.783, de 2013, especialmente o acesso a recursos de fundos setoriais como RGR, Conta de Desenvolvimento Energ\u00e9tico e Conta de Consumo de Combust\u00edveis, at\u00e9 a venda do controle da empresa.<\/p>\n","protected":false},"excerpt":{"rendered":"<p>A diretoria da Ag\u00eancia Nacional de Energia El\u00e9trica advertiu a Companhia de Eletricidade do Amap\u00e1 e o governo do estado para que adotem as medidas necess\u00e1rias<span class=\"excerpt-hellip\"> [\u2026]<\/span><\/p>\n","protected":false},"author":1,"featured_media":1061,"comment_status":"closed","ping_status":"closed","sticky":false,"template":"","format":"standard","meta":{"footnotes":""},"categories":[5],"tags":[],"class_list":["post-1058","post","type-post","status-publish","format-standard","has-post-thumbnail","hentry","category-noticias"],"_links":{"self":[{"href":"https:\/\/filtrocapacitivo.com.br\/blog\/wp-json\/wp\/v2\/posts\/1058","targetHints":{"allow":["GET"]}}],"collection":[{"href":"https:\/\/filtrocapacitivo.com.br\/blog\/wp-json\/wp\/v2\/posts"}],"about":[{"href":"https:\/\/filtrocapacitivo.com.br\/blog\/wp-json\/wp\/v2\/types\/post"}],"author":[{"embeddable":true,"href":"https:\/\/filtrocapacitivo.com.br\/blog\/wp-json\/wp\/v2\/users\/1"}],"replies":[{"embeddable":true,"href":"https:\/\/filtrocapacitivo.com.br\/blog\/wp-json\/wp\/v2\/comments?post=1058"}],"version-history":[{"count":1,"href":"https:\/\/filtrocapacitivo.com.br\/blog\/wp-json\/wp\/v2\/posts\/1058\/revisions"}],"predecessor-version":[{"id":1062,"href":"https:\/\/filtrocapacitivo.com.br\/blog\/wp-json\/wp\/v2\/posts\/1058\/revisions\/1062"}],"wp:featuredmedia":[{"embeddable":true,"href":"https:\/\/filtrocapacitivo.com.br\/blog\/wp-json\/wp\/v2\/media\/1061"}],"wp:attachment":[{"href":"https:\/\/filtrocapacitivo.com.br\/blog\/wp-json\/wp\/v2\/media?parent=1058"}],"wp:term":[{"taxonomy":"category","embeddable":true,"href":"https:\/\/filtrocapacitivo.com.br\/blog\/wp-json\/wp\/v2\/categories?post=1058"},{"taxonomy":"post_tag","embeddable":true,"href":"https:\/\/filtrocapacitivo.com.br\/blog\/wp-json\/wp\/v2\/tags?post=1058"}],"curies":[{"name":"wp","href":"https:\/\/api.w.org\/{rel}","templated":true}]}}