{"id":1090,"date":"2020-05-05T13:47:05","date_gmt":"2020-05-05T16:47:05","guid":{"rendered":"http:\/\/filtrocapacitivo.com.br\/blog\/?p=1090"},"modified":"2020-05-05T13:47:08","modified_gmt":"2020-05-05T16:47:08","slug":"se-dolar-passar-dos-r6-impacto-na-tarifa-de-energia-supera-7-diz-aneel","status":"publish","type":"post","link":"https:\/\/filtrocapacitivo.com.br\/blog\/se-dolar-passar-dos-r6-impacto-na-tarifa-de-energia-supera-7-diz-aneel\/","title":{"rendered":"Se d\u00f3lar passar dos R$6, impacto na tarifa de energia supera 7%, diz Aneel"},"content":{"rendered":"\n<h4 class=\"wp-block-heading\">Alta do c\u00e2mbio contribui para o aumento da tarifa das distribuidoras, em um momento que boa parte dos consumidores est\u00e3o com a renda comprometida<\/h4>\n\n\n\n<p>O diretor-geral da Ag\u00eancia Nacional de Energia El\u00e9trica (<strong>Aneel<\/strong>), Andre Pepitone, afirmou que a ag\u00eancia vem monitorando o impacto da desvaloriza\u00e7\u00e3o cambial sobre as tarifas de energia dos consumidores brasileiros. Nas contas da Aneel, se o&nbsp;<strong>d\u00f3lar<\/strong>&nbsp;superar a casa dos R$ 6, o impacto na conta de luz por conta da compra de energia dolarizada de Itaipu superaria a casa dos 7%, um efeito significativo neste momento de crise do coronav\u00edrus.<\/p>\n\n\n\n<p>Nos processos de reajustes tarif\u00e1rios, a Aneel adota um c\u00e2mbio de refer\u00eancia para calcular as despesas das distribuidoras do Sul e Sudeste com a compra da energia de Itaipu.<\/p>\n\n\n\n<p>No entanto, os valores que est\u00e3o sendo reconhecidos pelo regulador nas tarifas est\u00e3o abaixo do c\u00e2mbio real, criando um ativo regulat\u00f3rio que ser\u00e1 cobrando dos consumidores brasileiros ao longo dos pr\u00f3ximos reajuste tarif\u00e1rios das empresas.<\/p>\n\n\n\n<p>De acordo com Pepitone, no caso de o d\u00f3lar ficar na casa de R$ 4 50, o impacto de Itaipu seria de um acr\u00e9scimo de 2% nas tarifas<\/p>\n\n\n\n<p>Se o c\u00e2mbio subir para R$ 5, esse efeito vai para 4%. Se a moeda americana ficar em R$ 5,50, o impacto vai para 5,43%.<\/p>\n\n\n\n<p>\u201cSe o c\u00e2mbio ultrapassar R$ 6, o efeito nas tarifas supera o 7%\u201d destacou o executivo, ao participar de uma live sobre os impactos do coronav\u00edrus para o setor el\u00e9trico.<\/p>\n\n\n\n<p>O tema preocupa a Aneel na medida \u00e9 em que esse efeito pode contribuir para elevar ainda mais as tarifas das distribuidoras, em um momento que os consumidores tiveram a sua renda comprometida com os impactos da crise do coronav\u00edrus.<\/p>\n\n\n\n<p><\/p>\n","protected":false},"excerpt":{"rendered":"<p>Alta do c\u00e2mbio contribui para o aumento da tarifa das distribuidoras, em um momento que boa parte dos consumidores est\u00e3o com a renda comprometida O diretor-geral<span class=\"excerpt-hellip\"> [\u2026]<\/span><\/p>\n","protected":false},"author":1,"featured_media":1092,"comment_status":"closed","ping_status":"closed","sticky":false,"template":"","format":"standard","meta":{"footnotes":""},"categories":[5],"tags":[],"class_list":["post-1090","post","type-post","status-publish","format-standard","has-post-thumbnail","hentry","category-noticias"],"_links":{"self":[{"href":"https:\/\/filtrocapacitivo.com.br\/blog\/wp-json\/wp\/v2\/posts\/1090","targetHints":{"allow":["GET"]}}],"collection":[{"href":"https:\/\/filtrocapacitivo.com.br\/blog\/wp-json\/wp\/v2\/posts"}],"about":[{"href":"https:\/\/filtrocapacitivo.com.br\/blog\/wp-json\/wp\/v2\/types\/post"}],"author":[{"embeddable":true,"href":"https:\/\/filtrocapacitivo.com.br\/blog\/wp-json\/wp\/v2\/users\/1"}],"replies":[{"embeddable":true,"href":"https:\/\/filtrocapacitivo.com.br\/blog\/wp-json\/wp\/v2\/comments?post=1090"}],"version-history":[{"count":1,"href":"https:\/\/filtrocapacitivo.com.br\/blog\/wp-json\/wp\/v2\/posts\/1090\/revisions"}],"predecessor-version":[{"id":1093,"href":"https:\/\/filtrocapacitivo.com.br\/blog\/wp-json\/wp\/v2\/posts\/1090\/revisions\/1093"}],"wp:featuredmedia":[{"embeddable":true,"href":"https:\/\/filtrocapacitivo.com.br\/blog\/wp-json\/wp\/v2\/media\/1092"}],"wp:attachment":[{"href":"https:\/\/filtrocapacitivo.com.br\/blog\/wp-json\/wp\/v2\/media?parent=1090"}],"wp:term":[{"taxonomy":"category","embeddable":true,"href":"https:\/\/filtrocapacitivo.com.br\/blog\/wp-json\/wp\/v2\/categories?post=1090"},{"taxonomy":"post_tag","embeddable":true,"href":"https:\/\/filtrocapacitivo.com.br\/blog\/wp-json\/wp\/v2\/tags?post=1090"}],"curies":[{"name":"wp","href":"https:\/\/api.w.org\/{rel}","templated":true}]}}