{"id":1094,"date":"2020-05-07T15:39:08","date_gmt":"2020-05-07T18:39:08","guid":{"rendered":"http:\/\/filtrocapacitivo.com.br\/blog\/?p=1094"},"modified":"2020-05-07T15:39:11","modified_gmt":"2020-05-07T18:39:11","slug":"governo-e-aneel-avaliam-buscar-emprestimo-para-amortecer-alta-na-conta-de-luz-em-2020","status":"publish","type":"post","link":"https:\/\/filtrocapacitivo.com.br\/blog\/governo-e-aneel-avaliam-buscar-emprestimo-para-amortecer-alta-na-conta-de-luz-em-2020\/","title":{"rendered":"Governo e Aneel avaliam buscar empr\u00e9stimo para amortecer alta na conta de luz em 2020"},"content":{"rendered":"\n<h4 class=\"wp-block-heading\">Objetivo da opera\u00e7\u00e3o seria antecipar recursos para distribuidoras de energia, que sofrem com redu\u00e7\u00e3o de caixa devido \u00e0 pandemia. Custos extras de 2020 seriam financiados em cinco anos.<\/h4>\n\n\n\n<p>O Minist\u00e9rio de Minas e Energia e a&nbsp;Ag\u00eancia Nacional de Energia El\u00e9trica (Aneel)&nbsp;estudam recorrer a um empr\u00e9stimo banc\u00e1rio para cobrir custos extras bilion\u00e1rios que levariam \u00e0 alta das contas de luz em 2020.<\/p>\n\n\n\n<p>Esse empr\u00e9stimo seria parecido com o que foi&nbsp;feito pelo governo federal em 2014, durante o governo da ex-presidente Dilma Rousseff.<\/p>\n\n\n\n<p>Na \u00e9poca, serviu para cobrir uma conta extra gerada pela disparada no pre\u00e7o da energia devido \u00e0&nbsp;falta de chuvas, que reduziu o uso de hidrel\u00e9tricas&nbsp;e aumentou o de termel\u00e9tricas.<\/p>\n\n\n\n<p>De acordo com o diretor-geral da Aneel, Andr\u00e9 Pepitone, desta vez o objetivo do empr\u00e9stimo \u00e9 \u201camortecer\u201d a alta nas tarifas e, ao mesmo tempo, socorrer as distribuidoras de energia que v\u00eam sofrendo com redu\u00e7\u00e3o no fluxo de caixa, reflexo da pandemia do novo coronav\u00edrus.<\/p>\n\n\n\n<p>Entretanto, \u00e9 justamente por meio da conta de luz que se arrecada a maior parte dos recursos que financiam toda a opera\u00e7\u00e3o do setor el\u00e9trico brasileiro.<\/p>\n\n\n\n<p>O socorro \u00e0s distribuidoras, portanto, \u00e9 para garantir o funcionamento do setor durante a pandemia e o respeito a contratos, diz Pepitone.<\/p>\n\n\n\n<h2 class=\"wp-block-heading\">Como seria a opera\u00e7\u00e3o?<\/h2>\n\n\n\n<p>As contas de luz j\u00e1 est\u00e3o sendo pressionadas em 2020 por custos extras que precisam ser pagos pelos consumidores.<\/p>\n\n\n\n<p>Um desses custos \u00e9 o&nbsp;aumento no valor da contribui\u00e7\u00e3o para o fundo do governo&nbsp;que financia uma s\u00e9rie de a\u00e7\u00f5es no setor, chamado Conta de Desenvolvimento Energ\u00e9tico (CDE). Em 2020, os consumidores t\u00eam que pagar R$ 4,5 bilh\u00f5es a mais para o fundo.<\/p>\n\n\n\n<p>Outro custo extra est\u00e1 sendo gerado pelo aumento no valor da energia da hidrel\u00e9trica de Itaipu, que tem pre\u00e7o fixado em d\u00f3lar.<\/p>\n\n\n\n<p>A cota\u00e7\u00e3o da moeda norte-americana vem batendo seguidos recordes&nbsp;nas \u00faltimas semanas. Por conta disso, a energia de Itaipu deve custar aos consumidores cerca de R$ 5 bilh\u00f5es a mais neste ano.<\/p>\n\n\n\n<p>J\u00e1 o aumento da rede de transmiss\u00e3o de energia no Brasil vai obrigar os consumidores a pagar R$ 3 bilh\u00f5es a mais nas contas de luz a partir de julho.<\/p>\n\n\n\n<p>Pela proposta discutida entre o governo e a Aneel, as distribuidoras receberiam ao menos uma parte desses valores extras, que seriam pagos pelos consumidores ao longo dos pr\u00f3ximos 12 meses, de maneira antecipada.<\/p>\n\n\n\n<p>O dinheiro viria do empr\u00e9stimo banc\u00e1rio e garantiria o fluxo de caixa necess\u00e1rio para a manuten\u00e7\u00e3o dos contratos no setor el\u00e9trico.<\/p>\n\n\n\n<p>Os consumidores, em vez de pagarem esses custos extras em 12 parcelas, como ocorre normalmente, pagariam em um prazo de cinco anos. O dinheiro seria arrecadado pelas distribuidoras e repassado aos bancos que fizerem o empr\u00e9stimo.<\/p>\n\n\n\n<p>Assim como ocorreu em 2014, os bancos v\u00e3o receber juros pelo empr\u00e9stimo, que ser\u00e3o pagos pelos consumidores. Minist\u00e9rio e Aneel, entretanto, avaliam que as condi\u00e7\u00f5es atuais s\u00e3o mais vantajosas.<\/p>\n\n\n\n<p>\u201cVoc\u00ea retira esse custo agora e dilui o pagamento por 60 meses, em cen\u00e1rio em que os juros est\u00e3o baixos, funcionando o empr\u00e9stimo como um amortecedor tarif\u00e1rio\u201d, disse Pepitone.<\/p>\n\n\n\n<p>O secret\u00e1rio de Energia El\u00e9trica do Minist\u00e9rio de Minas e Energia, Rodrigo Limp, afirmou que ainda n\u00e3o est\u00e3o definidos quais custos extras seriam financiados pelo empr\u00e9stimo banc\u00e1rio e, portanto, ainda n\u00e3o foi estabelecido o valor do empr\u00e9stimo. Mas ele defendeu a opera\u00e7\u00e3o.<\/p>\n\n\n\n<p>\u201cEssa opera\u00e7\u00e3o tem o benef\u00edcio de minimizar os efeitos tarif\u00e1rios [dos custos extras]. Considerando que estamos num momento de juros baixo, essa opera\u00e7\u00e3o n\u00e3o impacta tanto o consumidor\u201d afirmou Limp.<\/p>\n\n\n\n<p>\u201cAs distribuidoras j\u00e1 receberiam esses valores e, com o empr\u00e9stimo banc\u00e1rio antecipando essa receita, elas v\u00e3o ter f\u00f4lego imediato\u201d, completou.<\/p>\n\n\n\n<p>O governo j\u00e1 publicou uma medida provis\u00f3ria que deu as condi\u00e7\u00f5es para que esse empr\u00e9stimo ocorra. Estimativas feitas pelas distribuidoras indicam que o valor necess\u00e1rio para garantir o fluxo de caixa dessas empresas nos pr\u00f3ximos meses pode chegar pr\u00f3ximo a R$ 20 bilh\u00f5es.<\/p>\n\n\n\n<p>Al\u00e9m do empr\u00e9stimo, o governo tamb\u00e9m estuda a possibilidade de utilizar recursos de fundos do setor el\u00e9trico para cobrir uma parte do buraco no fluxo de caixa das distribuidoras durante a crise provocada pelo pandemia do novo coronav\u00edrus.<\/p>\n","protected":false},"excerpt":{"rendered":"<p>Objetivo da opera\u00e7\u00e3o seria antecipar recursos para distribuidoras de energia, que sofrem com redu\u00e7\u00e3o de caixa devido \u00e0 pandemia. Custos extras de 2020 seriam financiados em<span class=\"excerpt-hellip\"> [\u2026]<\/span><\/p>\n","protected":false},"author":1,"featured_media":1095,"comment_status":"closed","ping_status":"closed","sticky":false,"template":"","format":"standard","meta":{"footnotes":""},"categories":[5],"tags":[],"class_list":["post-1094","post","type-post","status-publish","format-standard","has-post-thumbnail","hentry","category-noticias"],"_links":{"self":[{"href":"https:\/\/filtrocapacitivo.com.br\/blog\/wp-json\/wp\/v2\/posts\/1094","targetHints":{"allow":["GET"]}}],"collection":[{"href":"https:\/\/filtrocapacitivo.com.br\/blog\/wp-json\/wp\/v2\/posts"}],"about":[{"href":"https:\/\/filtrocapacitivo.com.br\/blog\/wp-json\/wp\/v2\/types\/post"}],"author":[{"embeddable":true,"href":"https:\/\/filtrocapacitivo.com.br\/blog\/wp-json\/wp\/v2\/users\/1"}],"replies":[{"embeddable":true,"href":"https:\/\/filtrocapacitivo.com.br\/blog\/wp-json\/wp\/v2\/comments?post=1094"}],"version-history":[{"count":1,"href":"https:\/\/filtrocapacitivo.com.br\/blog\/wp-json\/wp\/v2\/posts\/1094\/revisions"}],"predecessor-version":[{"id":1096,"href":"https:\/\/filtrocapacitivo.com.br\/blog\/wp-json\/wp\/v2\/posts\/1094\/revisions\/1096"}],"wp:featuredmedia":[{"embeddable":true,"href":"https:\/\/filtrocapacitivo.com.br\/blog\/wp-json\/wp\/v2\/media\/1095"}],"wp:attachment":[{"href":"https:\/\/filtrocapacitivo.com.br\/blog\/wp-json\/wp\/v2\/media?parent=1094"}],"wp:term":[{"taxonomy":"category","embeddable":true,"href":"https:\/\/filtrocapacitivo.com.br\/blog\/wp-json\/wp\/v2\/categories?post=1094"},{"taxonomy":"post_tag","embeddable":true,"href":"https:\/\/filtrocapacitivo.com.br\/blog\/wp-json\/wp\/v2\/tags?post=1094"}],"curies":[{"name":"wp","href":"https:\/\/api.w.org\/{rel}","templated":true}]}}