{"id":1097,"date":"2020-05-11T18:28:34","date_gmt":"2020-05-11T21:28:34","guid":{"rendered":"http:\/\/filtrocapacitivo.com.br\/blog\/?p=1097"},"modified":"2020-05-11T18:28:38","modified_gmt":"2020-05-11T21:28:38","slug":"lucro-da-enel-sp-mais-que-dobra-no-primeiro-trimestre","status":"publish","type":"post","link":"https:\/\/filtrocapacitivo.com.br\/blog\/lucro-da-enel-sp-mais-que-dobra-no-primeiro-trimestre\/","title":{"rendered":"Lucro da Enel SP mais que dobra no primeiro trimestre"},"content":{"rendered":"\n<p>Ganhos da distribuidora que atende a capital paulista e mais 23 munic\u00edpios da Grande S\u00e3o Paulo ficou em R$ 155,2 milh\u00f5es.<\/p>\n\n\n\n<p>A Enel Distribui\u00e7\u00e3o S\u00e3o Paulo encerrou os tr\u00eas primeiros meses do ano com um aumento de 124,8% em seu lucro l\u00edquido. Passou de R$ 69 milh\u00f5es para R$ 155,2 milh\u00f5es. Esse resultado foi explicado pela melhora na receita l\u00edquida, performance operacional e financeira, este \u00faltimo atribu\u00eddo principalmente \u00e0 menor taxa m\u00e9dia de juros no per\u00edodo.&nbsp;<\/p>\n\n\n\n<p>O resultado ebitda (antes de juros, impostos, deprecia\u00e7\u00e3o e amortiza\u00e7\u00e3o) apresentou uma eleva\u00e7\u00e3o de 33,5%, encerrou o per\u00edodo em R$ 532,6 milh\u00f5es. A empresa atribuiu esse aumento do resultado operacional, sobretudo, \u00e0 maior receita l\u00edquida no per\u00edodo, parcialmente compensado pelo aumento das provis\u00f5es para inadimpl\u00eancia.&nbsp;<\/p>\n\n\n\n<p>A receita bruta apresentou leve varia\u00e7\u00e3o negativa, de 0,2%, alcan\u00e7ou R$ 5,8 bilh\u00f5es e est\u00e1 em linha com per\u00edodo anterior, refletindo aumento da tarifa decorrente da revis\u00e3o tarif\u00e1ria ocorrida em 2019, compensada pela redu\u00e7\u00e3o na demanda de energia neste ano. A redu\u00e7\u00e3o de encargos setoriais, em especial CDE, resultou em maior receita l\u00edquida, crescimento de 5,6%.&nbsp;<\/p>\n\n\n\n<p>Como citado, a demanda por energia no trimestre caiu. A venda e transporte recuou 4,5% enquanto o n\u00famero de clientes subiu 1,6%, alcan\u00e7ando 7.363.477 unidades consumidoras. A queda da demanda deve-se ao menor volume distribu\u00eddo no mercado regulado, ambiente no qual foi reportada queda de 7,3%, pesaram nesse volume os fatores clim\u00e1ticos, como temperaturas abaixo da m\u00e9dia hist\u00f3rica e o m\u00eas de fevereiro mais chuvoso dos \u00faltimos 77 anos na regi\u00e3o metropolitana. Al\u00e9m disso a concession\u00e1ria sentiu os efeitos da aplica\u00e7\u00e3o de medidas de restri\u00e7\u00e3o de atividade e circula\u00e7\u00e3o de pessoas, adotadas no m\u00eas de mar\u00e7o. Esses fatores acabaram sendo parcialmente compensados pelo aumento no volume de energia distribu\u00edda no mercado livre, que cresceu 4,3%.&nbsp;<\/p>\n\n\n\n<p>Quanto aos indicadores de qualidade da energia, a empresa reportou melhoria tanto no DEC quanto no FEC quando comparados ao ano passado. Na frequ\u00eancia de eventos recuou de 4,53 vezes para 3,21 vezes e na dura\u00e7\u00e3o passou de 7,86 horas para 5,69 horas. A empresa atribui os \u00edndices como o resultado dos investimentos realizados no trimestre para melhorar a confiabilidade e para modernizar a rede de distribui\u00e7\u00e3o da companhia. E destaca que ambos os resultados s\u00e3o os melhores da hist\u00f3ria da concession\u00e1ria, sendo o FEC o melhor entre as distribuidoras do Brasil.&nbsp;<\/p>\n\n\n\n<p>Os investimentos da distribuidora somaram R$ 201,3 milh\u00f5es, redu\u00e7\u00e3o de 8,6% ante o registrado no mesmo per\u00edodo do ano passado. Os valores foram destinados ao fortalecimento, \u00e0 moderniza\u00e7\u00e3o e \u00e0 digitaliza\u00e7\u00e3o das redes de distribui\u00e7\u00e3o e subtransmiss\u00e3o da Companhia, entre outros, por meio do aumento da implanta\u00e7\u00e3o&nbsp; de sistemas de automa\u00e7\u00e3o de rede, al\u00e9m de novas subesta\u00e7\u00f5es, linhas e conex\u00f5es.&nbsp;<\/p>\n\n\n\n<p>Na compara\u00e7\u00e3o com o mesmo per\u00edodo do ano passado o total da d\u00edvida l\u00edquida recuou 4,5%, de R$ 4,2 bilh\u00f5es para pouco mais de R$ 4 bilh\u00f5es. Essa redu\u00e7\u00e3o, explicou a empresa, deve-se a amortiza\u00e7\u00f5es realizadas desde o primeiro trimestre do ano passado, com impacto superior \u00e0 varia\u00e7\u00e3o do caixa no per\u00edodo. <\/p>\n","protected":false},"excerpt":{"rendered":"<p>Ganhos da distribuidora que atende a capital paulista e mais 23 munic\u00edpios da Grande S\u00e3o Paulo ficou em R$ 155,2 milh\u00f5es. A Enel Distribui\u00e7\u00e3o S\u00e3o Paulo<span class=\"excerpt-hellip\"> [\u2026]<\/span><\/p>\n","protected":false},"author":1,"featured_media":1100,"comment_status":"closed","ping_status":"closed","sticky":false,"template":"","format":"standard","meta":{"footnotes":""},"categories":[5],"tags":[],"class_list":["post-1097","post","type-post","status-publish","format-standard","has-post-thumbnail","hentry","category-noticias"],"_links":{"self":[{"href":"https:\/\/filtrocapacitivo.com.br\/blog\/wp-json\/wp\/v2\/posts\/1097","targetHints":{"allow":["GET"]}}],"collection":[{"href":"https:\/\/filtrocapacitivo.com.br\/blog\/wp-json\/wp\/v2\/posts"}],"about":[{"href":"https:\/\/filtrocapacitivo.com.br\/blog\/wp-json\/wp\/v2\/types\/post"}],"author":[{"embeddable":true,"href":"https:\/\/filtrocapacitivo.com.br\/blog\/wp-json\/wp\/v2\/users\/1"}],"replies":[{"embeddable":true,"href":"https:\/\/filtrocapacitivo.com.br\/blog\/wp-json\/wp\/v2\/comments?post=1097"}],"version-history":[{"count":2,"href":"https:\/\/filtrocapacitivo.com.br\/blog\/wp-json\/wp\/v2\/posts\/1097\/revisions"}],"predecessor-version":[{"id":1102,"href":"https:\/\/filtrocapacitivo.com.br\/blog\/wp-json\/wp\/v2\/posts\/1097\/revisions\/1102"}],"wp:featuredmedia":[{"embeddable":true,"href":"https:\/\/filtrocapacitivo.com.br\/blog\/wp-json\/wp\/v2\/media\/1100"}],"wp:attachment":[{"href":"https:\/\/filtrocapacitivo.com.br\/blog\/wp-json\/wp\/v2\/media?parent=1097"}],"wp:term":[{"taxonomy":"category","embeddable":true,"href":"https:\/\/filtrocapacitivo.com.br\/blog\/wp-json\/wp\/v2\/categories?post=1097"},{"taxonomy":"post_tag","embeddable":true,"href":"https:\/\/filtrocapacitivo.com.br\/blog\/wp-json\/wp\/v2\/tags?post=1097"}],"curies":[{"name":"wp","href":"https:\/\/api.w.org\/{rel}","templated":true}]}}