{"id":1104,"date":"2020-05-25T19:21:10","date_gmt":"2020-05-25T22:21:10","guid":{"rendered":"http:\/\/filtrocapacitivo.com.br\/blog\/?p=1104"},"modified":"2020-05-25T19:21:15","modified_gmt":"2020-05-25T22:21:15","slug":"emendas-no-congresso-podem-elevar-conta-de-luz","status":"publish","type":"post","link":"https:\/\/filtrocapacitivo.com.br\/blog\/emendas-no-congresso-podem-elevar-conta-de-luz\/","title":{"rendered":"Emendas no Congresso podem elevar conta de luz"},"content":{"rendered":"\n<p>O Congresso apresentou 180 emendas \u00e0 Medida Provis\u00f3ria 950, que amplia os descontos da conta de luz de consumidores de baixa renda durante a pandemia do novo coronav\u00edrus e autoriza o Poder Executivo a contratar empr\u00e9stimos para conter uma escalada nas tarifas. As propostas modificam o teor do texto enviado pelo governo ao Parlamento e, em alguns casos, contradizem o discurso adotado pelos deputados e senadores em defesa do livre mercado e dos trabalhadores mais pobres.<\/p>\n\n\n\n<p>Do total, pelo menos 57 delas aumentariam as tarifas dos consumidores residenciais \u2013 cerca de 32%. H\u00e1 risco tamb\u00e9m de impacto or\u00e7ament\u00e1rio, j\u00e1 que 33 emendas \u2013 18% \u2013 envolvem aportes do Tesouro para bancar os subs\u00eddios do setor. A an\u00e1lise foi feita por um especialista do setor, a pedido do Estad\u00e3o\/Broadcast<\/p>\n\n\n\n<p>Oriundo do Movimento Brasil Livre (MBL), conhecido pelo vi\u00e9s pr\u00f3-mercado e em defesa do liberalismo econ\u00f4mico, o deputado Kim Kataguiri (DEMSP) sugeriu, por meio de emenda, que os aportes da Uni\u00e3o para bancar subs\u00eddios embutidos nas tarifas sejam elevados dos R$ 900 milh\u00f5es previstos para R$ 12 bilh\u00f5es. Kataguiri afirma que o aporte visa evitar as distor\u00e7\u00f5es causadas pelos subs\u00eddios cruzados \u2013 quando um consumidor paga um valor mais caro em sua conta para permitir que outro tenha um desconto.<\/p>\n\n\n\n<p>\u201cTodo subs\u00eddio \u00e9 concedido de maneira transparente, com previs\u00e3o or\u00e7ament\u00e1ria e destina\u00e7\u00e3o clara dos impostos que financiar\u00e3o o benef\u00edcio. A exce\u00e7\u00e3o s\u00e3o os subs\u00eddios concedidos pela conta de luz: alguns setores s\u00e3o beneficiados, outros s\u00e3o obrigados a pagar e nem sequer sabem disso. Sou contra subs\u00eddios, mas se eles existem, precisam ser transparentes. \u00c9 liberalismo\u201d, disse Kataguiri. \u201cEssa \u00e9 uma conta que ter\u00e1 de ser paga de uma maneira ou de outra. Melhor que seja por dinheiro de impostos, que todos pagam, do que criando mais distor\u00e7\u00f5es e privil\u00e9gios na conta de luz.\u201d<\/p>\n\n\n\n<p>O deputado Alessandro Molon (PSB-RJ), por sua vez, apresentou emenda que amplia o grupo de benefici\u00e1rios do programa Tarifa Social \u2013 hoje s\u00e3o cerca de 9,5 milh\u00f5es de fam\u00edlias, que ter\u00e3o contas isentas entre abril e junho, desde que o consumo seja de at\u00e9 220 kWh mensais. Pela proposta de Molon, todos que receberem o aux\u00edlio emergencial durante a pandemia poder\u00e3o ter a mesma ajuda.<\/p>\n\n\n\n<p>Embora possam parecer bem-intencionadas, emendas que prop\u00f5em o aumento do grupo de benefici\u00e1rios do programa ou estendem o tempo de isen\u00e7\u00e3o das tarifas aumentam, indiretamente, a conta de luz da maioria da popula\u00e7\u00e3o. Como o governo se comprometeu a colocar apenas R$ 900 milh\u00f5es no programa, o restante do custo do subs\u00eddio recairia sobre a conta de luz dos demais consumidores \u2013 ou seja, eles teriam de pagar uma tarifa mais cara.<\/p>\n\n\n\n<p>Molon afirmou que a concess\u00e3o do aux\u00edlio emergencial \u00e9 um reconhecimento da condi\u00e7\u00e3o de vulnerabilidade de milh\u00f5es de brasileiros durante a pandemia, e que o fornecimento de energia el\u00e9trica \u00e9 um servi\u00e7o essencial. \u201cPor isso, propusemos estender o benef\u00edcio, que \u00e9 tempor\u00e1rio, ao restante desse grupo, com o necess\u00e1rio aporte da Uni\u00e3o para evitar que o \u00f4nus recaia sobre os demais.\u201d<\/p>\n\n\n\n<p>V\u00e1rios deputados da bancada do Partido dos Trabalhadores (PT) tamb\u00e9m propuseram emendas que ampliam o per\u00edodo de isen\u00e7\u00e3o da conta de luz das fam\u00edlias de baixa renda at\u00e9 o fim do ano. Para custear o programa social, eles defendem o uso dos dividendos pagos \u00e0 Uni\u00e3o pela Eletrobr\u00e1s, empresa que o governo planeja privatizar. No ano passado, a estatal registrou lucro de R$ 10,7 bilh\u00f5es, e provisionou para distribui\u00e7\u00e3o de lucros e dividendos um total de R$ 1,2 bilh\u00e3o para a Uni\u00e3o e acionistas privados.<\/p>\n\n\n\n<p>\u201cEstamos num contexto de PIB em baixa e desemprego em alta. Temos de proteger os mais fr\u00e1geis. Al\u00e9m disso, somos contra a privatiza\u00e7\u00e3o da Eletrobr\u00e1s\u201d, disse o deputado Paulo Teixeira (PT-SP).<\/p>\n","protected":false},"excerpt":{"rendered":"<p>O Congresso apresentou 180 emendas \u00e0 Medida Provis\u00f3ria 950, que amplia os descontos da conta de luz de consumidores de baixa renda durante a pandemia do<span class=\"excerpt-hellip\"> [\u2026]<\/span><\/p>\n","protected":false},"author":1,"featured_media":1105,"comment_status":"closed","ping_status":"closed","sticky":false,"template":"","format":"standard","meta":{"footnotes":""},"categories":[5],"tags":[],"class_list":["post-1104","post","type-post","status-publish","format-standard","has-post-thumbnail","hentry","category-noticias"],"_links":{"self":[{"href":"https:\/\/filtrocapacitivo.com.br\/blog\/wp-json\/wp\/v2\/posts\/1104","targetHints":{"allow":["GET"]}}],"collection":[{"href":"https:\/\/filtrocapacitivo.com.br\/blog\/wp-json\/wp\/v2\/posts"}],"about":[{"href":"https:\/\/filtrocapacitivo.com.br\/blog\/wp-json\/wp\/v2\/types\/post"}],"author":[{"embeddable":true,"href":"https:\/\/filtrocapacitivo.com.br\/blog\/wp-json\/wp\/v2\/users\/1"}],"replies":[{"embeddable":true,"href":"https:\/\/filtrocapacitivo.com.br\/blog\/wp-json\/wp\/v2\/comments?post=1104"}],"version-history":[{"count":1,"href":"https:\/\/filtrocapacitivo.com.br\/blog\/wp-json\/wp\/v2\/posts\/1104\/revisions"}],"predecessor-version":[{"id":1106,"href":"https:\/\/filtrocapacitivo.com.br\/blog\/wp-json\/wp\/v2\/posts\/1104\/revisions\/1106"}],"wp:featuredmedia":[{"embeddable":true,"href":"https:\/\/filtrocapacitivo.com.br\/blog\/wp-json\/wp\/v2\/media\/1105"}],"wp:attachment":[{"href":"https:\/\/filtrocapacitivo.com.br\/blog\/wp-json\/wp\/v2\/media?parent=1104"}],"wp:term":[{"taxonomy":"category","embeddable":true,"href":"https:\/\/filtrocapacitivo.com.br\/blog\/wp-json\/wp\/v2\/categories?post=1104"},{"taxonomy":"post_tag","embeddable":true,"href":"https:\/\/filtrocapacitivo.com.br\/blog\/wp-json\/wp\/v2\/tags?post=1104"}],"curies":[{"name":"wp","href":"https:\/\/api.w.org\/{rel}","templated":true}]}}