{"id":1108,"date":"2020-06-26T17:44:25","date_gmt":"2020-06-26T20:44:25","guid":{"rendered":"http:\/\/filtrocapacitivo.com.br\/blog\/?p=1108"},"modified":"2020-06-26T17:46:51","modified_gmt":"2020-06-26T20:46:51","slug":"incentivo-a-fontes-de-energia-vai-custar-r-56-bilhoes-aos-consumidores-em-2020-diz-aneel","status":"publish","type":"post","link":"https:\/\/filtrocapacitivo.com.br\/blog\/incentivo-a-fontes-de-energia-vai-custar-r-56-bilhoes-aos-consumidores-em-2020-diz-aneel\/","title":{"rendered":"Incentivo a fontes de energia vai custar R$ 5,6 bilh\u00f5es aos consumidores em 2020, diz Aneel"},"content":{"rendered":"\n<p>Subs\u00eddio, bancado por meio de encargo na conta de luz, beneficia energia e\u00f3lica, solar, de biomassa e carv\u00e3o. Fatura n\u00e3o inclui custo de incentivo para a gera\u00e7\u00e3o pr\u00f3pria.<\/p>\n\n\n\n<p>Os consumidores brasileiros v\u00e3o pagar R$ 5,6 bilh\u00f5es em 2020 para financiar pol\u00edticas p\u00fablicas de incentivo a fontes de energia, como e\u00f3lica, solar, biomassa e at\u00e9 carv\u00e3o, aponta estimativa da Ag\u00eancia Nacional de Energia El\u00e9trica (Aneel).<br>O incentivo \u00e9 uma das a\u00e7\u00f5es do governo no setor el\u00e9trico cobertas pela chamada Conta de Desenvolvimento Energ\u00e9tico (CDE). O dinheiro que abastece esse fundo vem de um encargo cobrado nas contas de luz de todos os brasileiros.<br>A maior parte dos R$ 5,6 bilh\u00f5es corresponde ao subs\u00eddio para o desenvolvimento de novas fontes renov\u00e1veis de energia.<br>\u00c9 cobrado dos demais consumidores, dilu\u00eddo nas contas de luz das unidades residenciais e comerciais. Para 2020, esse custo \u00e9 estimado em R$ 5 bilh\u00f5es.<\/p>\n\n\n\n<p>Conta de Desenvolvimento Energ\u00e9tico<br>No total, as a\u00e7\u00f5es financiadas via CDE v\u00e3o custar aos consumidores brasileiros R$ 20,1 bilh\u00f5es em 2020. Esse valor \u00e9 recorde e vai gerar uma alta m\u00e9dia de 2,36% nas contas de luz.<br>O incentivo a fontes de energia (R$ 5,6 bilh\u00f5es) corresponde a 28% desse valor. Outros subs\u00eddios cobertos pelo fundo s\u00e3o:<br>\u2022 conta de luz de fam\u00edlias de baixa renda (R$ 2,380 bilh\u00f5es);<br>\u2022 compra de parte do combust\u00edvel usado pelas termel\u00e9tricas que geram energia na regi\u00e3o Norte do pa\u00eds (R$ 6,310 bilh\u00f5es);<br>\u2022 descontos na tarifa de agricultores e de empresas de saneamento (R$ 8,528 bilh\u00f5es).<\/p>\n\n\n\n<p><strong>LUMILIGHT DO BRASIL, DECOLANDO NA ENERGIA SUSTENT\u00c1VEL!!<\/strong><\/p>\n","protected":false},"excerpt":{"rendered":"<p>Subs\u00eddio, bancado por meio de encargo na conta de luz, beneficia energia e\u00f3lica, solar, de biomassa e carv\u00e3o. Fatura n\u00e3o inclui custo de incentivo para a<span class=\"excerpt-hellip\"> [\u2026]<\/span><\/p>\n","protected":false},"author":1,"featured_media":1111,"comment_status":"closed","ping_status":"closed","sticky":false,"template":"","format":"standard","meta":{"footnotes":""},"categories":[5],"tags":[],"class_list":["post-1108","post","type-post","status-publish","format-standard","has-post-thumbnail","hentry","category-noticias"],"_links":{"self":[{"href":"https:\/\/filtrocapacitivo.com.br\/blog\/wp-json\/wp\/v2\/posts\/1108","targetHints":{"allow":["GET"]}}],"collection":[{"href":"https:\/\/filtrocapacitivo.com.br\/blog\/wp-json\/wp\/v2\/posts"}],"about":[{"href":"https:\/\/filtrocapacitivo.com.br\/blog\/wp-json\/wp\/v2\/types\/post"}],"author":[{"embeddable":true,"href":"https:\/\/filtrocapacitivo.com.br\/blog\/wp-json\/wp\/v2\/users\/1"}],"replies":[{"embeddable":true,"href":"https:\/\/filtrocapacitivo.com.br\/blog\/wp-json\/wp\/v2\/comments?post=1108"}],"version-history":[{"count":1,"href":"https:\/\/filtrocapacitivo.com.br\/blog\/wp-json\/wp\/v2\/posts\/1108\/revisions"}],"predecessor-version":[{"id":1110,"href":"https:\/\/filtrocapacitivo.com.br\/blog\/wp-json\/wp\/v2\/posts\/1108\/revisions\/1110"}],"wp:featuredmedia":[{"embeddable":true,"href":"https:\/\/filtrocapacitivo.com.br\/blog\/wp-json\/wp\/v2\/media\/1111"}],"wp:attachment":[{"href":"https:\/\/filtrocapacitivo.com.br\/blog\/wp-json\/wp\/v2\/media?parent=1108"}],"wp:term":[{"taxonomy":"category","embeddable":true,"href":"https:\/\/filtrocapacitivo.com.br\/blog\/wp-json\/wp\/v2\/categories?post=1108"},{"taxonomy":"post_tag","embeddable":true,"href":"https:\/\/filtrocapacitivo.com.br\/blog\/wp-json\/wp\/v2\/tags?post=1108"}],"curies":[{"name":"wp","href":"https:\/\/api.w.org\/{rel}","templated":true}]}}