{"id":1296,"date":"2022-03-17T16:00:50","date_gmt":"2022-03-17T19:00:50","guid":{"rendered":"https:\/\/filtrocapacitivo.com.br\/blog\/?p=1296"},"modified":"2022-03-17T16:00:53","modified_gmt":"2022-03-17T19:00:53","slug":"consumidor-vai-pagar-na-conta-de-luz-emprestimo-as-distribuidoras-de-energia-a-partir-de-2023","status":"publish","type":"post","link":"https:\/\/filtrocapacitivo.com.br\/blog\/consumidor-vai-pagar-na-conta-de-luz-emprestimo-as-distribuidoras-de-energia-a-partir-de-2023\/","title":{"rendered":"Consumidor vai pagar na conta de luz empr\u00e9stimo \u00e0s distribuidoras de energia a partir de 2023"},"content":{"rendered":"\n<p>A Aneel decidiu que o empr\u00e9stimo autorizado pelo governo para as distribuidoras cobrirem os custos da crise energ\u00e9tica do ano passado ser\u00e1&nbsp;de&nbsp;R$ 10,5 bilh\u00f5es.<\/p>\n\n\n\n<p>A Ag\u00eancia Nacional&nbsp;de&nbsp;Energia El\u00e9trica decidiu que o empr\u00e9stimo autorizado pelo governo para as distribuidoras cobrirem os custos da crise energ\u00e9tica do ano passado vai ser&nbsp;de&nbsp;R$ 10,5 bilh\u00f5es. Segundo a Aneel, o dinheiro vai bancar gastos que n\u00e3o foram compensados com o aumento da bandeira tarif\u00e1ria, os custos do b\u00f4nus pago no fim do ano aos consumidores e a importa\u00e7\u00e3o&nbsp;de&nbsp;energia em julho e agosto.<br>Os consumidores v\u00e3o pagar o financiamento e os juros a partir&nbsp;de&nbsp;2023, nas contas&nbsp;de&nbsp;luz.<\/p>\n","protected":false},"excerpt":{"rendered":"<p>A Aneel decidiu que o empr\u00e9stimo autorizado pelo governo para as distribuidoras cobrirem os custos da crise energ\u00e9tica do ano passado ser\u00e1&nbsp;de&nbsp;R$ 10,5 bilh\u00f5es. A Ag\u00eancia<span class=\"excerpt-hellip\"> [\u2026]<\/span><\/p>\n","protected":false},"author":1,"featured_media":1297,"comment_status":"closed","ping_status":"closed","sticky":false,"template":"","format":"standard","meta":{"footnotes":""},"categories":[5],"tags":[],"class_list":["post-1296","post","type-post","status-publish","format-standard","has-post-thumbnail","hentry","category-noticias"],"_links":{"self":[{"href":"https:\/\/filtrocapacitivo.com.br\/blog\/wp-json\/wp\/v2\/posts\/1296","targetHints":{"allow":["GET"]}}],"collection":[{"href":"https:\/\/filtrocapacitivo.com.br\/blog\/wp-json\/wp\/v2\/posts"}],"about":[{"href":"https:\/\/filtrocapacitivo.com.br\/blog\/wp-json\/wp\/v2\/types\/post"}],"author":[{"embeddable":true,"href":"https:\/\/filtrocapacitivo.com.br\/blog\/wp-json\/wp\/v2\/users\/1"}],"replies":[{"embeddable":true,"href":"https:\/\/filtrocapacitivo.com.br\/blog\/wp-json\/wp\/v2\/comments?post=1296"}],"version-history":[{"count":1,"href":"https:\/\/filtrocapacitivo.com.br\/blog\/wp-json\/wp\/v2\/posts\/1296\/revisions"}],"predecessor-version":[{"id":1298,"href":"https:\/\/filtrocapacitivo.com.br\/blog\/wp-json\/wp\/v2\/posts\/1296\/revisions\/1298"}],"wp:featuredmedia":[{"embeddable":true,"href":"https:\/\/filtrocapacitivo.com.br\/blog\/wp-json\/wp\/v2\/media\/1297"}],"wp:attachment":[{"href":"https:\/\/filtrocapacitivo.com.br\/blog\/wp-json\/wp\/v2\/media?parent=1296"}],"wp:term":[{"taxonomy":"category","embeddable":true,"href":"https:\/\/filtrocapacitivo.com.br\/blog\/wp-json\/wp\/v2\/categories?post=1296"},{"taxonomy":"post_tag","embeddable":true,"href":"https:\/\/filtrocapacitivo.com.br\/blog\/wp-json\/wp\/v2\/tags?post=1296"}],"curies":[{"name":"wp","href":"https:\/\/api.w.org\/{rel}","templated":true}]}}