{"id":1456,"date":"2022-08-25T11:00:21","date_gmt":"2022-08-25T14:00:21","guid":{"rendered":"https:\/\/filtrocapacitivo.com.br\/blog\/?p=1456"},"modified":"2022-08-31T11:14:54","modified_gmt":"2022-08-31T14:14:54","slug":"analise-de-energia-em-escola-de-sao-paulo","status":"publish","type":"post","link":"https:\/\/filtrocapacitivo.com.br\/blog\/analise-de-energia-em-escola-de-sao-paulo\/","title":{"rendered":"An\u00e1lise de energia em escola de S\u00e3o Paulo"},"content":{"rendered":"\n<p>A an\u00e1lise de energia realizada na unidade escolar consistiu na instala\u00e7\u00e3o de telemetria, no levantamento e na medi\u00e7\u00e3o de distor\u00e7\u00f5es harm\u00f4nicas, para identificar a atua\u00e7\u00e3o dos Filtros Capacitivos da Lumilight do Brasil no quadro de for\u00e7a geral. <\/p>\n\n\n\n<div class=\"wp-block-image\"><figure class=\"aligncenter is-resized\"><img loading=\"lazy\" decoding=\"async\" src=\"https:\/\/filtrocapacitivo.com.br\/blog\/wp-content\/uploads\/2022\/08\/25.08-blog-1024x1024.jpg\" alt=\"\" class=\"wp-image-1457\" width=\"512\" height=\"512\" srcset=\"https:\/\/filtrocapacitivo.com.br\/blog\/wp-content\/uploads\/2022\/08\/25.08-blog-1024x1024.jpg 1024w, https:\/\/filtrocapacitivo.com.br\/blog\/wp-content\/uploads\/2022\/08\/25.08-blog-150x150.jpg 150w, https:\/\/filtrocapacitivo.com.br\/blog\/wp-content\/uploads\/2022\/08\/25.08-blog-300x300.jpg 300w, https:\/\/filtrocapacitivo.com.br\/blog\/wp-content\/uploads\/2022\/08\/25.08-blog-768x768.jpg 768w, https:\/\/filtrocapacitivo.com.br\/blog\/wp-content\/uploads\/2022\/08\/25.08-blog-146x146.jpg 146w, https:\/\/filtrocapacitivo.com.br\/blog\/wp-content\/uploads\/2022\/08\/25.08-blog-50x50.jpg 50w, https:\/\/filtrocapacitivo.com.br\/blog\/wp-content\/uploads\/2022\/08\/25.08-blog-75x75.jpg 75w, https:\/\/filtrocapacitivo.com.br\/blog\/wp-content\/uploads\/2022\/08\/25.08-blog-85x85.jpg 85w, https:\/\/filtrocapacitivo.com.br\/blog\/wp-content\/uploads\/2022\/08\/25.08-blog-80x80.jpg 80w, https:\/\/filtrocapacitivo.com.br\/blog\/wp-content\/uploads\/2022\/08\/25.08-blog.jpg 1080w\" sizes=\"auto, (max-width: 512px) 100vw, 512px\" \/><\/figure><\/div>\n\n\n\n<p>Com a ajuda dos equipamentos instalados, mensura\u00e7\u00f5es e inspe\u00e7\u00f5es, foram executadas em um per\u00edodo espec\u00edfico para avaliar e confirmar a efic\u00e1cia dos Filtros nas distor\u00e7\u00f5es harm\u00f4nica e outros dist\u00farbios. Assim, foi poss\u00edvel concluir, n\u00e3o s\u00f3 a redu\u00e7\u00e3o no registro de corrente total e distor\u00e7\u00f5es el\u00e9tricas, mas tamb\u00e9m a redu\u00e7\u00e3o em kWh, para 16,5%, do consumo registrado de energia el\u00e9trica.<\/p>\n\n\n\n<p>O resultado foi obtido pela atua\u00e7\u00e3o indireta da corre\u00e7\u00e3o do fator de pot\u00eancia do sistema e da a\u00e7\u00e3o direta nos desperd\u00edcios, corrigindo qualquer circula\u00e7\u00e3o de energia esp\u00faria na rede.<\/p>\n\n\n\n<p>Venha conhecer mais sobre os filtros capacitivos. Fale com nossos consultores pelo telefone:\u00a0<a href=\"tel:08130890606\">(81) 3089-0606<\/a>, fale pelo WhatsApp:\u00a0<a rel=\"noreferrer noopener\" href=\"https:\/\/wa.me\/5581998710126\" target=\"_blank\">(81) 99871-0126<\/a>\u00a0ou preencha o\u00a0<a rel=\"noreferrer noopener\" href=\"https:\/\/filtrocapacitivo.com.br\/contato\" target=\"_blank\">formul\u00e1rio<\/a>. <\/p>\n","protected":false},"excerpt":{"rendered":"<p>A an\u00e1lise de energia realizada na unidade escolar consistiu na instala\u00e7\u00e3o de telemetria, no levantamento e na medi\u00e7\u00e3o de distor\u00e7\u00f5es harm\u00f4nicas, para identificar a atua\u00e7\u00e3o dos<span class=\"excerpt-hellip\"> [\u2026]<\/span><\/p>\n","protected":false},"author":1,"featured_media":1457,"comment_status":"closed","ping_status":"closed","sticky":false,"template":"","format":"standard","meta":{"footnotes":""},"categories":[1],"tags":[],"class_list":["post-1456","post","type-post","status-publish","format-standard","has-post-thumbnail","hentry","category-filtros-capacitivos"],"_links":{"self":[{"href":"https:\/\/filtrocapacitivo.com.br\/blog\/wp-json\/wp\/v2\/posts\/1456","targetHints":{"allow":["GET"]}}],"collection":[{"href":"https:\/\/filtrocapacitivo.com.br\/blog\/wp-json\/wp\/v2\/posts"}],"about":[{"href":"https:\/\/filtrocapacitivo.com.br\/blog\/wp-json\/wp\/v2\/types\/post"}],"author":[{"embeddable":true,"href":"https:\/\/filtrocapacitivo.com.br\/blog\/wp-json\/wp\/v2\/users\/1"}],"replies":[{"embeddable":true,"href":"https:\/\/filtrocapacitivo.com.br\/blog\/wp-json\/wp\/v2\/comments?post=1456"}],"version-history":[{"count":1,"href":"https:\/\/filtrocapacitivo.com.br\/blog\/wp-json\/wp\/v2\/posts\/1456\/revisions"}],"predecessor-version":[{"id":1458,"href":"https:\/\/filtrocapacitivo.com.br\/blog\/wp-json\/wp\/v2\/posts\/1456\/revisions\/1458"}],"wp:featuredmedia":[{"embeddable":true,"href":"https:\/\/filtrocapacitivo.com.br\/blog\/wp-json\/wp\/v2\/media\/1457"}],"wp:attachment":[{"href":"https:\/\/filtrocapacitivo.com.br\/blog\/wp-json\/wp\/v2\/media?parent=1456"}],"wp:term":[{"taxonomy":"category","embeddable":true,"href":"https:\/\/filtrocapacitivo.com.br\/blog\/wp-json\/wp\/v2\/categories?post=1456"},{"taxonomy":"post_tag","embeddable":true,"href":"https:\/\/filtrocapacitivo.com.br\/blog\/wp-json\/wp\/v2\/tags?post=1456"}],"curies":[{"name":"wp","href":"https:\/\/api.w.org\/{rel}","templated":true}]}}