{"id":1543,"date":"2022-11-01T11:00:26","date_gmt":"2022-11-01T14:00:26","guid":{"rendered":"https:\/\/filtrocapacitivo.com.br\/blog\/?p=1543"},"modified":"2022-11-23T15:21:15","modified_gmt":"2022-11-23T18:21:15","slug":"que-tipo-de-lugar-se-recomenda-o-uso-de-filtros-capacitivos","status":"publish","type":"post","link":"https:\/\/filtrocapacitivo.com.br\/blog\/que-tipo-de-lugar-se-recomenda-o-uso-de-filtros-capacitivos\/","title":{"rendered":"Que tipo de lugar se recomenda o uso de Filtros Capacitivos?"},"content":{"rendered":"\n<p> Por sua qualidade e efic\u00e1cia, o uso \u00e9 indicado para todo local que fa\u00e7a uso de energia el\u00e9trica, desde hospitais, f\u00e1bricas, supermercados ou ind\u00fastrias, at\u00e9 resid\u00eancias, escrit\u00f3rios e consult\u00f3rios m\u00e9dicos.<\/p>\n\n\n\n<div class=\"wp-block-image\"><figure class=\"aligncenter is-resized\"><img loading=\"lazy\" decoding=\"async\" src=\"https:\/\/filtrocapacitivo.com.br\/blog\/wp-content\/uploads\/2022\/11\/01.11-blog-1024x1024.jpg\" alt=\"\" class=\"wp-image-1544\" width=\"512\" height=\"512\" srcset=\"https:\/\/filtrocapacitivo.com.br\/blog\/wp-content\/uploads\/2022\/11\/01.11-blog-1024x1024.jpg 1024w, https:\/\/filtrocapacitivo.com.br\/blog\/wp-content\/uploads\/2022\/11\/01.11-blog-150x150.jpg 150w, https:\/\/filtrocapacitivo.com.br\/blog\/wp-content\/uploads\/2022\/11\/01.11-blog-300x300.jpg 300w, https:\/\/filtrocapacitivo.com.br\/blog\/wp-content\/uploads\/2022\/11\/01.11-blog-768x768.jpg 768w, https:\/\/filtrocapacitivo.com.br\/blog\/wp-content\/uploads\/2022\/11\/01.11-blog-146x146.jpg 146w, https:\/\/filtrocapacitivo.com.br\/blog\/wp-content\/uploads\/2022\/11\/01.11-blog-50x50.jpg 50w, https:\/\/filtrocapacitivo.com.br\/blog\/wp-content\/uploads\/2022\/11\/01.11-blog-75x75.jpg 75w, https:\/\/filtrocapacitivo.com.br\/blog\/wp-content\/uploads\/2022\/11\/01.11-blog-85x85.jpg 85w, https:\/\/filtrocapacitivo.com.br\/blog\/wp-content\/uploads\/2022\/11\/01.11-blog-80x80.jpg 80w, https:\/\/filtrocapacitivo.com.br\/blog\/wp-content\/uploads\/2022\/11\/01.11-blog.jpg 1080w\" sizes=\"auto, (max-width: 512px) 100vw, 512px\" \/><\/figure><\/div>\n\n\n\n<p>Toda essa diversidade de locais onde pode ser instalado \u00e9 devido a todos os rigorosos testes e aprova\u00e7\u00f5es da \u00e1rea t\u00e9cnica de grandes profissionais do segmento. Assim, as funcionalidades e aplicabilidades do filtro capacitivo da Lumilight do Brasil\u00ae s\u00e3o qualificadas e seguras para qualquer \u00e1rea, proporcionando total prote\u00e7\u00e3o a rede el\u00e9trica, redu\u00e7\u00e3o na conta de energia, qualidade no uso da energia entre outros. <\/p>\n\n\n\n<p>Venha conhecer mais sobre os filtros capacitivos. Fale com nossos consultores pelo telefone:\u00a0<a href=\"tel:08130890606\">(81) 3089-0606<\/a>, fale pelo WhatsApp:\u00a0<a rel=\"noreferrer noopener\" href=\"https:\/\/wa.me\/5581998710126\" target=\"_blank\">(81) 99871-0126<\/a>\u00a0ou preencha o\u00a0<a rel=\"noreferrer noopener\" href=\"https:\/\/filtrocapacitivo.com.br\/contato\" target=\"_blank\">formul\u00e1rio<\/a>. <\/p>\n","protected":false},"excerpt":{"rendered":"<p>Por sua qualidade e efic\u00e1cia, o uso \u00e9 indicado para todo local que fa\u00e7a uso de energia el\u00e9trica, desde hospitais, f\u00e1bricas, supermercados ou ind\u00fastrias, at\u00e9 resid\u00eancias,<span class=\"excerpt-hellip\"> [\u2026]<\/span><\/p>\n","protected":false},"author":1,"featured_media":1544,"comment_status":"closed","ping_status":"closed","sticky":false,"template":"","format":"standard","meta":{"footnotes":""},"categories":[7],"tags":[],"class_list":["post-1543","post","type-post","status-publish","format-standard","has-post-thumbnail","hentry","category-dicas"],"_links":{"self":[{"href":"https:\/\/filtrocapacitivo.com.br\/blog\/wp-json\/wp\/v2\/posts\/1543","targetHints":{"allow":["GET"]}}],"collection":[{"href":"https:\/\/filtrocapacitivo.com.br\/blog\/wp-json\/wp\/v2\/posts"}],"about":[{"href":"https:\/\/filtrocapacitivo.com.br\/blog\/wp-json\/wp\/v2\/types\/post"}],"author":[{"embeddable":true,"href":"https:\/\/filtrocapacitivo.com.br\/blog\/wp-json\/wp\/v2\/users\/1"}],"replies":[{"embeddable":true,"href":"https:\/\/filtrocapacitivo.com.br\/blog\/wp-json\/wp\/v2\/comments?post=1543"}],"version-history":[{"count":1,"href":"https:\/\/filtrocapacitivo.com.br\/blog\/wp-json\/wp\/v2\/posts\/1543\/revisions"}],"predecessor-version":[{"id":1545,"href":"https:\/\/filtrocapacitivo.com.br\/blog\/wp-json\/wp\/v2\/posts\/1543\/revisions\/1545"}],"wp:featuredmedia":[{"embeddable":true,"href":"https:\/\/filtrocapacitivo.com.br\/blog\/wp-json\/wp\/v2\/media\/1544"}],"wp:attachment":[{"href":"https:\/\/filtrocapacitivo.com.br\/blog\/wp-json\/wp\/v2\/media?parent=1543"}],"wp:term":[{"taxonomy":"category","embeddable":true,"href":"https:\/\/filtrocapacitivo.com.br\/blog\/wp-json\/wp\/v2\/categories?post=1543"},{"taxonomy":"post_tag","embeddable":true,"href":"https:\/\/filtrocapacitivo.com.br\/blog\/wp-json\/wp\/v2\/tags?post=1543"}],"curies":[{"name":"wp","href":"https:\/\/api.w.org\/{rel}","templated":true}]}}