{"id":1549,"date":"2022-11-08T11:00:28","date_gmt":"2022-11-08T14:00:28","guid":{"rendered":"https:\/\/filtrocapacitivo.com.br\/blog\/?p=1549"},"modified":"2022-11-23T15:46:16","modified_gmt":"2022-11-23T18:46:16","slug":"uso-de-filtros-capacitivos-em-universidades","status":"publish","type":"post","link":"https:\/\/filtrocapacitivo.com.br\/blog\/uso-de-filtros-capacitivos-em-universidades\/","title":{"rendered":"Uso de Filtros Capacitivos em Universidades"},"content":{"rendered":"\n<p>O filtro capacitivo da Lumilight do Brasil\u00ae \u00e9 reconhecido por sua tecnologia exclusiva, sendo um produto que atua protegendo a rede el\u00e9trica de distor\u00e7\u00f5es harm\u00f4nicas. Al\u00e9m disso, oferece outras grandes vantagens para quem o adquire. Entre elas est\u00e3o a otimiza\u00e7\u00e3o do uso da energia e redu\u00e7\u00e3o de custos em at\u00e9 20%.<\/p>\n\n\n\n<div class=\"wp-block-image\"><figure class=\"aligncenter is-resized\"><img loading=\"lazy\" decoding=\"async\" src=\"https:\/\/filtrocapacitivo.com.br\/blog\/wp-content\/uploads\/2022\/11\/08.11-blog-1024x1024.jpg\" alt=\"\" class=\"wp-image-1550\" width=\"512\" height=\"512\" srcset=\"https:\/\/filtrocapacitivo.com.br\/blog\/wp-content\/uploads\/2022\/11\/08.11-blog-1024x1024.jpg 1024w, https:\/\/filtrocapacitivo.com.br\/blog\/wp-content\/uploads\/2022\/11\/08.11-blog-150x150.jpg 150w, https:\/\/filtrocapacitivo.com.br\/blog\/wp-content\/uploads\/2022\/11\/08.11-blog-300x300.jpg 300w, https:\/\/filtrocapacitivo.com.br\/blog\/wp-content\/uploads\/2022\/11\/08.11-blog-768x768.jpg 768w, https:\/\/filtrocapacitivo.com.br\/blog\/wp-content\/uploads\/2022\/11\/08.11-blog-146x146.jpg 146w, https:\/\/filtrocapacitivo.com.br\/blog\/wp-content\/uploads\/2022\/11\/08.11-blog-50x50.jpg 50w, https:\/\/filtrocapacitivo.com.br\/blog\/wp-content\/uploads\/2022\/11\/08.11-blog-75x75.jpg 75w, https:\/\/filtrocapacitivo.com.br\/blog\/wp-content\/uploads\/2022\/11\/08.11-blog-85x85.jpg 85w, https:\/\/filtrocapacitivo.com.br\/blog\/wp-content\/uploads\/2022\/11\/08.11-blog-80x80.jpg 80w, https:\/\/filtrocapacitivo.com.br\/blog\/wp-content\/uploads\/2022\/11\/08.11-blog.jpg 1080w\" sizes=\"auto, (max-width: 512px) 100vw, 512px\" \/><\/figure><\/div>\n\n\n\n<p>Nos casos de institui\u00e7\u00f5es de ensino, um dos maiores benef\u00edcios da instala\u00e7\u00e3o do filtro capacitivo ser\u00e1 a prote\u00e7\u00e3o e melhora no desempenho dos equipamentos, como ar-condicionado, computadores, projetores e ilumina\u00e7\u00e3o, dando mais tempo de vida \u00fatil, reduzindo tamb\u00e9m a frequ\u00eancia e o valor gasto em manuten\u00e7\u00e3o.<\/p>\n\n\n\n<p>Assim, o uso do equipamento proporcionar\u00e1 um melhor desempenho das aulas, sendo um ponto a mais para uma boa avalia\u00e7\u00e3o da universidade no MEC.<\/p>\n\n\n\n<p>Venha conhecer mais sobre os filtros capacitivos. Fale com nossos consultores pelo telefone:\u00a0<a href=\"tel:08130890606\">(81) 3089-0606<\/a>, fale pelo WhatsApp:\u00a0<a rel=\"noreferrer noopener\" href=\"https:\/\/wa.me\/5581998710126\" target=\"_blank\">(81) 99871-0126<\/a>\u00a0ou preencha o\u00a0<a rel=\"noreferrer noopener\" href=\"https:\/\/filtrocapacitivo.com.br\/contato\" target=\"_blank\">formul\u00e1rio<\/a>. <\/p>\n","protected":false},"excerpt":{"rendered":"<p>O filtro capacitivo da Lumilight do Brasil\u00ae \u00e9 reconhecido por sua tecnologia exclusiva, sendo um produto que atua protegendo a rede el\u00e9trica de distor\u00e7\u00f5es harm\u00f4nicas. Al\u00e9m<span class=\"excerpt-hellip\"> [\u2026]<\/span><\/p>\n","protected":false},"author":1,"featured_media":1550,"comment_status":"closed","ping_status":"closed","sticky":false,"template":"","format":"standard","meta":{"footnotes":""},"categories":[7],"tags":[],"class_list":["post-1549","post","type-post","status-publish","format-standard","has-post-thumbnail","hentry","category-dicas"],"_links":{"self":[{"href":"https:\/\/filtrocapacitivo.com.br\/blog\/wp-json\/wp\/v2\/posts\/1549","targetHints":{"allow":["GET"]}}],"collection":[{"href":"https:\/\/filtrocapacitivo.com.br\/blog\/wp-json\/wp\/v2\/posts"}],"about":[{"href":"https:\/\/filtrocapacitivo.com.br\/blog\/wp-json\/wp\/v2\/types\/post"}],"author":[{"embeddable":true,"href":"https:\/\/filtrocapacitivo.com.br\/blog\/wp-json\/wp\/v2\/users\/1"}],"replies":[{"embeddable":true,"href":"https:\/\/filtrocapacitivo.com.br\/blog\/wp-json\/wp\/v2\/comments?post=1549"}],"version-history":[{"count":1,"href":"https:\/\/filtrocapacitivo.com.br\/blog\/wp-json\/wp\/v2\/posts\/1549\/revisions"}],"predecessor-version":[{"id":1551,"href":"https:\/\/filtrocapacitivo.com.br\/blog\/wp-json\/wp\/v2\/posts\/1549\/revisions\/1551"}],"wp:featuredmedia":[{"embeddable":true,"href":"https:\/\/filtrocapacitivo.com.br\/blog\/wp-json\/wp\/v2\/media\/1550"}],"wp:attachment":[{"href":"https:\/\/filtrocapacitivo.com.br\/blog\/wp-json\/wp\/v2\/media?parent=1549"}],"wp:term":[{"taxonomy":"category","embeddable":true,"href":"https:\/\/filtrocapacitivo.com.br\/blog\/wp-json\/wp\/v2\/categories?post=1549"},{"taxonomy":"post_tag","embeddable":true,"href":"https:\/\/filtrocapacitivo.com.br\/blog\/wp-json\/wp\/v2\/tags?post=1549"}],"curies":[{"name":"wp","href":"https:\/\/api.w.org\/{rel}","templated":true}]}}