{"id":1552,"date":"2022-11-10T11:00:24","date_gmt":"2022-11-10T14:00:24","guid":{"rendered":"https:\/\/filtrocapacitivo.com.br\/blog\/?p=1552"},"modified":"2022-11-23T15:49:17","modified_gmt":"2022-11-23T18:49:17","slug":"temperaturas-mais-altas-exige-mais-dos-equipamentos","status":"publish","type":"post","link":"https:\/\/filtrocapacitivo.com.br\/blog\/temperaturas-mais-altas-exige-mais-dos-equipamentos\/","title":{"rendered":"Temperaturas mais altas exige mais dos equipamentos"},"content":{"rendered":"\n<p> O aumento de temperatura entre as esta\u00e7\u00f5es, que tende a aumentar cada vez mais, provoca mudan\u00e7as significativas n\u00e3o s\u00f3 no uso de equipamentos como toda a rede el\u00e9trica.<\/p>\n\n\n\n<div class=\"wp-block-image\"><figure class=\"aligncenter is-resized\"><img loading=\"lazy\" decoding=\"async\" src=\"https:\/\/filtrocapacitivo.com.br\/blog\/wp-content\/uploads\/2022\/11\/10.11-blog-1024x1024.jpg\" alt=\"\" class=\"wp-image-1554\" width=\"512\" height=\"512\" srcset=\"https:\/\/filtrocapacitivo.com.br\/blog\/wp-content\/uploads\/2022\/11\/10.11-blog-1024x1024.jpg 1024w, https:\/\/filtrocapacitivo.com.br\/blog\/wp-content\/uploads\/2022\/11\/10.11-blog-150x150.jpg 150w, https:\/\/filtrocapacitivo.com.br\/blog\/wp-content\/uploads\/2022\/11\/10.11-blog-300x300.jpg 300w, https:\/\/filtrocapacitivo.com.br\/blog\/wp-content\/uploads\/2022\/11\/10.11-blog-768x768.jpg 768w, https:\/\/filtrocapacitivo.com.br\/blog\/wp-content\/uploads\/2022\/11\/10.11-blog-146x146.jpg 146w, https:\/\/filtrocapacitivo.com.br\/blog\/wp-content\/uploads\/2022\/11\/10.11-blog-50x50.jpg 50w, https:\/\/filtrocapacitivo.com.br\/blog\/wp-content\/uploads\/2022\/11\/10.11-blog-75x75.jpg 75w, https:\/\/filtrocapacitivo.com.br\/blog\/wp-content\/uploads\/2022\/11\/10.11-blog-85x85.jpg 85w, https:\/\/filtrocapacitivo.com.br\/blog\/wp-content\/uploads\/2022\/11\/10.11-blog-80x80.jpg 80w, https:\/\/filtrocapacitivo.com.br\/blog\/wp-content\/uploads\/2022\/11\/10.11-blog.jpg 1080w\" sizes=\"auto, (max-width: 512px) 100vw, 512px\" \/><\/figure><\/div>\n\n\n\n<p>Na rede el\u00e9trica, o calor provoca uma expans\u00e3o nos fios aumentando a resist\u00eancia, por isso em tempos mais quentes, \u00e9 normal perceber a energia mais \u201cfraca\u201d. Por exemplo, as l\u00e2mpadas em alguns momentos parecem mais fracas e depois voltam a sua pot\u00eancia normal; como tamb\u00e9m os ventiladores.<\/p>\n\n\n\n<p>Equipamentos e aparelhos com chips, baterias, ligados a energia trabalham muito mais resultando em danos: diminui\u00e7\u00e3o de vida \u00fatil, pausa tempor\u00e1ria no funcionamento e a queima total. Por isso \u00e9 importante o cuidado com o uso excessivo dos equipamentos em empresas e resid\u00eancias e, tamb\u00e9m, ficar atento ao superaquecimento devido a rede el\u00e9trica inst\u00e1vel. <\/p>\n\n\n\n<p>Venha conhecer mais sobre os filtros capacitivos. Fale com nossos consultores pelo telefone:\u00a0<a href=\"tel:08130890606\">(81) 3089-0606<\/a>, fale pelo WhatsApp:\u00a0<a rel=\"noreferrer noopener\" href=\"https:\/\/wa.me\/5581998710126\" target=\"_blank\">(81) 99871-0126<\/a>\u00a0ou preencha o\u00a0<a rel=\"noreferrer noopener\" href=\"https:\/\/filtrocapacitivo.com.br\/contato\" target=\"_blank\">formul\u00e1rio<\/a>. <\/p>\n","protected":false},"excerpt":{"rendered":"<p>O aumento de temperatura entre as esta\u00e7\u00f5es, que tende a aumentar cada vez mais, provoca mudan\u00e7as significativas n\u00e3o s\u00f3 no uso de equipamentos como toda a<span class=\"excerpt-hellip\"> [\u2026]<\/span><\/p>\n","protected":false},"author":1,"featured_media":1554,"comment_status":"closed","ping_status":"closed","sticky":false,"template":"","format":"standard","meta":{"footnotes":""},"categories":[1],"tags":[],"class_list":["post-1552","post","type-post","status-publish","format-standard","has-post-thumbnail","hentry","category-filtros-capacitivos"],"_links":{"self":[{"href":"https:\/\/filtrocapacitivo.com.br\/blog\/wp-json\/wp\/v2\/posts\/1552","targetHints":{"allow":["GET"]}}],"collection":[{"href":"https:\/\/filtrocapacitivo.com.br\/blog\/wp-json\/wp\/v2\/posts"}],"about":[{"href":"https:\/\/filtrocapacitivo.com.br\/blog\/wp-json\/wp\/v2\/types\/post"}],"author":[{"embeddable":true,"href":"https:\/\/filtrocapacitivo.com.br\/blog\/wp-json\/wp\/v2\/users\/1"}],"replies":[{"embeddable":true,"href":"https:\/\/filtrocapacitivo.com.br\/blog\/wp-json\/wp\/v2\/comments?post=1552"}],"version-history":[{"count":1,"href":"https:\/\/filtrocapacitivo.com.br\/blog\/wp-json\/wp\/v2\/posts\/1552\/revisions"}],"predecessor-version":[{"id":1555,"href":"https:\/\/filtrocapacitivo.com.br\/blog\/wp-json\/wp\/v2\/posts\/1552\/revisions\/1555"}],"wp:featuredmedia":[{"embeddable":true,"href":"https:\/\/filtrocapacitivo.com.br\/blog\/wp-json\/wp\/v2\/media\/1554"}],"wp:attachment":[{"href":"https:\/\/filtrocapacitivo.com.br\/blog\/wp-json\/wp\/v2\/media?parent=1552"}],"wp:term":[{"taxonomy":"category","embeddable":true,"href":"https:\/\/filtrocapacitivo.com.br\/blog\/wp-json\/wp\/v2\/categories?post=1552"},{"taxonomy":"post_tag","embeddable":true,"href":"https:\/\/filtrocapacitivo.com.br\/blog\/wp-json\/wp\/v2\/tags?post=1552"}],"curies":[{"name":"wp","href":"https:\/\/api.w.org\/{rel}","templated":true}]}}