{"id":1580,"date":"2022-12-08T11:00:18","date_gmt":"2022-12-08T14:00:18","guid":{"rendered":"https:\/\/filtrocapacitivo.com.br\/blog\/?p=1580"},"modified":"2023-01-03T10:24:22","modified_gmt":"2023-01-03T13:24:22","slug":"palestra-sobre-eficiencia-energetica-na-aecic","status":"publish","type":"post","link":"https:\/\/filtrocapacitivo.com.br\/blog\/palestra-sobre-eficiencia-energetica-na-aecic\/","title":{"rendered":"Palestra sobre efici\u00eancia energ\u00e9tica na AECIC"},"content":{"rendered":"\n<p> Visita da Lumilight do Brasil\u00ae ao distribuidor no Paran\u00e1, na cidade de Curitiba, para a realiza\u00e7\u00e3o de uma palestra na AECIC (Associa\u00e7\u00e3o das Empresas da Cidade Industrial de Curitiba).<\/p>\n\n\n\n<div class=\"wp-block-columns has-2-columns is-layout-flex wp-container-core-columns-is-layout-1 wp-block-columns-is-layout-flex\">\n<div class=\"wp-block-column is-layout-flow wp-block-column-is-layout-flow\">\n<div class=\"wp-block-image\"><figure class=\"aligncenter is-resized\"><img loading=\"lazy\" decoding=\"async\" src=\"https:\/\/filtrocapacitivo.com.br\/blog\/wp-content\/uploads\/2023\/01\/08.12-blog-1024x1024.jpg\" alt=\"\" class=\"wp-image-1581\" width=\"512\" height=\"512\" srcset=\"https:\/\/filtrocapacitivo.com.br\/blog\/wp-content\/uploads\/2023\/01\/08.12-blog-1024x1024.jpg 1024w, https:\/\/filtrocapacitivo.com.br\/blog\/wp-content\/uploads\/2023\/01\/08.12-blog-150x150.jpg 150w, https:\/\/filtrocapacitivo.com.br\/blog\/wp-content\/uploads\/2023\/01\/08.12-blog-300x300.jpg 300w, https:\/\/filtrocapacitivo.com.br\/blog\/wp-content\/uploads\/2023\/01\/08.12-blog-768x768.jpg 768w, https:\/\/filtrocapacitivo.com.br\/blog\/wp-content\/uploads\/2023\/01\/08.12-blog-146x146.jpg 146w, https:\/\/filtrocapacitivo.com.br\/blog\/wp-content\/uploads\/2023\/01\/08.12-blog-50x50.jpg 50w, https:\/\/filtrocapacitivo.com.br\/blog\/wp-content\/uploads\/2023\/01\/08.12-blog-75x75.jpg 75w, https:\/\/filtrocapacitivo.com.br\/blog\/wp-content\/uploads\/2023\/01\/08.12-blog-85x85.jpg 85w, https:\/\/filtrocapacitivo.com.br\/blog\/wp-content\/uploads\/2023\/01\/08.12-blog-80x80.jpg 80w, https:\/\/filtrocapacitivo.com.br\/blog\/wp-content\/uploads\/2023\/01\/08.12-blog.jpg 1080w\" sizes=\"auto, (max-width: 512px) 100vw, 512px\" \/><\/figure><\/div>\n<\/div>\n\n\n\n<div class=\"wp-block-column is-layout-flow wp-block-column-is-layout-flow\">\n<div class=\"wp-block-image\"><figure class=\"aligncenter is-resized\"><img loading=\"lazy\" decoding=\"async\" src=\"https:\/\/filtrocapacitivo.com.br\/blog\/wp-content\/uploads\/2023\/01\/08.12-blog-2-1024x1024.jpg\" alt=\"\" class=\"wp-image-1582\" width=\"512\" height=\"512\" srcset=\"https:\/\/filtrocapacitivo.com.br\/blog\/wp-content\/uploads\/2023\/01\/08.12-blog-2-1024x1024.jpg 1024w, https:\/\/filtrocapacitivo.com.br\/blog\/wp-content\/uploads\/2023\/01\/08.12-blog-2-150x150.jpg 150w, https:\/\/filtrocapacitivo.com.br\/blog\/wp-content\/uploads\/2023\/01\/08.12-blog-2-300x300.jpg 300w, https:\/\/filtrocapacitivo.com.br\/blog\/wp-content\/uploads\/2023\/01\/08.12-blog-2-768x768.jpg 768w, https:\/\/filtrocapacitivo.com.br\/blog\/wp-content\/uploads\/2023\/01\/08.12-blog-2-146x146.jpg 146w, https:\/\/filtrocapacitivo.com.br\/blog\/wp-content\/uploads\/2023\/01\/08.12-blog-2-50x50.jpg 50w, https:\/\/filtrocapacitivo.com.br\/blog\/wp-content\/uploads\/2023\/01\/08.12-blog-2-75x75.jpg 75w, https:\/\/filtrocapacitivo.com.br\/blog\/wp-content\/uploads\/2023\/01\/08.12-blog-2-85x85.jpg 85w, https:\/\/filtrocapacitivo.com.br\/blog\/wp-content\/uploads\/2023\/01\/08.12-blog-2-80x80.jpg 80w, https:\/\/filtrocapacitivo.com.br\/blog\/wp-content\/uploads\/2023\/01\/08.12-blog-2.jpg 1080w\" sizes=\"auto, (max-width: 512px) 100vw, 512px\" \/><\/figure><\/div>\n<\/div>\n<\/div>\n\n\n\n<p>A palestra teve como tema a efici\u00eancia energ\u00e9tica e a import\u00e2ncia da qualidade de energia na produ\u00e7\u00e3o industrial. A visita contou, entre outras conversas, com o encontro entre Luiz Henrique Bueno (Diretor da Lumilight do Brasil), Jo\u00e3o Barreto Lopes (Diretor Administrativo e de Rela\u00e7\u00f5es Corporativas da AECIC) e Ala\u00eddes Francisco de Oliveira (Presidente da AECIC).<br><\/p>\n\n\n\n<p>Venha conhecer mais sobre os filtros capacitivos. Fale com nossos consultores pelo telefone:\u00a0<a href=\"tel:08130890606\">(81) 3089-0606<\/a>, fale pelo WhatsApp:\u00a0<a rel=\"noreferrer noopener\" href=\"https:\/\/wa.me\/5581998710126\" target=\"_blank\">(81) 99871-0126<\/a>\u00a0ou preencha o\u00a0<a rel=\"noreferrer noopener\" href=\"https:\/\/filtrocapacitivo.com.br\/contato\" target=\"_blank\">formul\u00e1rio<\/a>. <\/p>\n","protected":false},"excerpt":{"rendered":"<p>Visita da Lumilight do Brasil\u00ae ao distribuidor no Paran\u00e1, na cidade de Curitiba, para a realiza\u00e7\u00e3o de uma palestra na AECIC (Associa\u00e7\u00e3o das Empresas da Cidade<span class=\"excerpt-hellip\"> [\u2026]<\/span><\/p>\n","protected":false},"author":1,"featured_media":1581,"comment_status":"closed","ping_status":"closed","sticky":false,"template":"","format":"standard","meta":{"footnotes":""},"categories":[8],"tags":[],"class_list":["post-1580","post","type-post","status-publish","format-standard","has-post-thumbnail","hentry","category-institucional"],"_links":{"self":[{"href":"https:\/\/filtrocapacitivo.com.br\/blog\/wp-json\/wp\/v2\/posts\/1580","targetHints":{"allow":["GET"]}}],"collection":[{"href":"https:\/\/filtrocapacitivo.com.br\/blog\/wp-json\/wp\/v2\/posts"}],"about":[{"href":"https:\/\/filtrocapacitivo.com.br\/blog\/wp-json\/wp\/v2\/types\/post"}],"author":[{"embeddable":true,"href":"https:\/\/filtrocapacitivo.com.br\/blog\/wp-json\/wp\/v2\/users\/1"}],"replies":[{"embeddable":true,"href":"https:\/\/filtrocapacitivo.com.br\/blog\/wp-json\/wp\/v2\/comments?post=1580"}],"version-history":[{"count":2,"href":"https:\/\/filtrocapacitivo.com.br\/blog\/wp-json\/wp\/v2\/posts\/1580\/revisions"}],"predecessor-version":[{"id":1584,"href":"https:\/\/filtrocapacitivo.com.br\/blog\/wp-json\/wp\/v2\/posts\/1580\/revisions\/1584"}],"wp:featuredmedia":[{"embeddable":true,"href":"https:\/\/filtrocapacitivo.com.br\/blog\/wp-json\/wp\/v2\/media\/1581"}],"wp:attachment":[{"href":"https:\/\/filtrocapacitivo.com.br\/blog\/wp-json\/wp\/v2\/media?parent=1580"}],"wp:term":[{"taxonomy":"category","embeddable":true,"href":"https:\/\/filtrocapacitivo.com.br\/blog\/wp-json\/wp\/v2\/categories?post=1580"},{"taxonomy":"post_tag","embeddable":true,"href":"https:\/\/filtrocapacitivo.com.br\/blog\/wp-json\/wp\/v2\/tags?post=1580"}],"curies":[{"name":"wp","href":"https:\/\/api.w.org\/{rel}","templated":true}]}}