{"id":1588,"date":"2022-12-14T11:00:09","date_gmt":"2022-12-14T14:00:09","guid":{"rendered":"https:\/\/filtrocapacitivo.com.br\/blog\/?p=1588"},"modified":"2023-01-03T10:30:04","modified_gmt":"2023-01-03T13:30:04","slug":"conta-de-energia-deve-ter-aumento-medio-de-56-em-2023","status":"publish","type":"post","link":"https:\/\/filtrocapacitivo.com.br\/blog\/conta-de-energia-deve-ter-aumento-medio-de-56-em-2023\/","title":{"rendered":"Conta de energia deve ter aumento m\u00e9dio de 5,6% em 2023"},"content":{"rendered":"\n<p> Segundo a Ag\u00eancia Nacional de Energia El\u00e9trica (Aneel) o aumento, em 2023, poder\u00e1 variar de acordo com a regi\u00e3o pois ir\u00e1 depender de cada distribuidora de energia no pa\u00eds. As estimativas de aumento entre as distribuidoras s\u00e3o que sete delas tenham reajuste superior a 10%; 15 distribuidoras, reajuste entre 5% e 10%; 17 distribuidoras, reajuste entre 0% e 5%; e 13 distribuidoras, reajuste inferior a 0%; sendo a m\u00e9dia de 5,6%.<\/p>\n\n\n\n<figure class=\"wp-block-image\"><img loading=\"lazy\" decoding=\"async\" width=\"1024\" height=\"1024\" src=\"https:\/\/filtrocapacitivo.com.br\/blog\/wp-content\/uploads\/2023\/01\/14.12-blog-1024x1024.jpg\" alt=\"\" class=\"wp-image-1589\" srcset=\"https:\/\/filtrocapacitivo.com.br\/blog\/wp-content\/uploads\/2023\/01\/14.12-blog-1024x1024.jpg 1024w, https:\/\/filtrocapacitivo.com.br\/blog\/wp-content\/uploads\/2023\/01\/14.12-blog-150x150.jpg 150w, https:\/\/filtrocapacitivo.com.br\/blog\/wp-content\/uploads\/2023\/01\/14.12-blog-300x300.jpg 300w, https:\/\/filtrocapacitivo.com.br\/blog\/wp-content\/uploads\/2023\/01\/14.12-blog-768x768.jpg 768w, https:\/\/filtrocapacitivo.com.br\/blog\/wp-content\/uploads\/2023\/01\/14.12-blog-146x146.jpg 146w, https:\/\/filtrocapacitivo.com.br\/blog\/wp-content\/uploads\/2023\/01\/14.12-blog-50x50.jpg 50w, https:\/\/filtrocapacitivo.com.br\/blog\/wp-content\/uploads\/2023\/01\/14.12-blog-75x75.jpg 75w, https:\/\/filtrocapacitivo.com.br\/blog\/wp-content\/uploads\/2023\/01\/14.12-blog-85x85.jpg 85w, https:\/\/filtrocapacitivo.com.br\/blog\/wp-content\/uploads\/2023\/01\/14.12-blog-80x80.jpg 80w, https:\/\/filtrocapacitivo.com.br\/blog\/wp-content\/uploads\/2023\/01\/14.12-blog.jpg 1080w\" sizes=\"auto, (max-width: 1024px) 100vw, 1024px\" \/><\/figure>\n\n\n\n<p>E assim, n\u00e3o foi detalhado os percentuais por tipos de consumo, sejam eles, empresas de grande porte, ind\u00fastrias, ou resid\u00eancias e pequenas empresas.<\/p>\n\n\n\n<p>Os filtros capacitivos da Lumilight do Brasil\u00ae s\u00e3o a solu\u00e7\u00e3o para a redu\u00e7\u00e3o de at\u00e9 20% na fatura e uso inteligente da energia el\u00e9trica, independentemente do tipo de consumidor.<\/p>\n\n\n\n<p>Venha conhecer mais sobre os filtros capacitivos. Fale com nossos consultores pelo telefone:\u00a0<a href=\"tel:08130890606\">(81) 3089-0606<\/a>, fale pelo WhatsApp:\u00a0<a rel=\"noreferrer noopener\" href=\"https:\/\/wa.me\/5581998710126\" target=\"_blank\">(81) 99871-0126<\/a>\u00a0ou preencha o\u00a0<a rel=\"noreferrer noopener\" href=\"https:\/\/filtrocapacitivo.com.br\/contato\" target=\"_blank\">formul\u00e1rio<\/a>. <\/p>\n","protected":false},"excerpt":{"rendered":"<p>Segundo a Ag\u00eancia Nacional de Energia El\u00e9trica (Aneel) o aumento, em 2023, poder\u00e1 variar de acordo com a regi\u00e3o pois ir\u00e1 depender de cada distribuidora de<span class=\"excerpt-hellip\"> [\u2026]<\/span><\/p>\n","protected":false},"author":1,"featured_media":1589,"comment_status":"closed","ping_status":"closed","sticky":false,"template":"","format":"standard","meta":{"footnotes":""},"categories":[5],"tags":[],"class_list":["post-1588","post","type-post","status-publish","format-standard","has-post-thumbnail","hentry","category-noticias"],"_links":{"self":[{"href":"https:\/\/filtrocapacitivo.com.br\/blog\/wp-json\/wp\/v2\/posts\/1588","targetHints":{"allow":["GET"]}}],"collection":[{"href":"https:\/\/filtrocapacitivo.com.br\/blog\/wp-json\/wp\/v2\/posts"}],"about":[{"href":"https:\/\/filtrocapacitivo.com.br\/blog\/wp-json\/wp\/v2\/types\/post"}],"author":[{"embeddable":true,"href":"https:\/\/filtrocapacitivo.com.br\/blog\/wp-json\/wp\/v2\/users\/1"}],"replies":[{"embeddable":true,"href":"https:\/\/filtrocapacitivo.com.br\/blog\/wp-json\/wp\/v2\/comments?post=1588"}],"version-history":[{"count":2,"href":"https:\/\/filtrocapacitivo.com.br\/blog\/wp-json\/wp\/v2\/posts\/1588\/revisions"}],"predecessor-version":[{"id":1591,"href":"https:\/\/filtrocapacitivo.com.br\/blog\/wp-json\/wp\/v2\/posts\/1588\/revisions\/1591"}],"wp:featuredmedia":[{"embeddable":true,"href":"https:\/\/filtrocapacitivo.com.br\/blog\/wp-json\/wp\/v2\/media\/1589"}],"wp:attachment":[{"href":"https:\/\/filtrocapacitivo.com.br\/blog\/wp-json\/wp\/v2\/media?parent=1588"}],"wp:term":[{"taxonomy":"category","embeddable":true,"href":"https:\/\/filtrocapacitivo.com.br\/blog\/wp-json\/wp\/v2\/categories?post=1588"},{"taxonomy":"post_tag","embeddable":true,"href":"https:\/\/filtrocapacitivo.com.br\/blog\/wp-json\/wp\/v2\/tags?post=1588"}],"curies":[{"name":"wp","href":"https:\/\/api.w.org\/{rel}","templated":true}]}}