{"id":1592,"date":"2022-12-20T11:00:16","date_gmt":"2022-12-20T14:00:16","guid":{"rendered":"https:\/\/filtrocapacitivo.com.br\/blog\/?p=1592"},"modified":"2023-01-03T10:38:43","modified_gmt":"2023-01-03T13:38:43","slug":"protecao-de-equipamentos-em-temperaturas-altas","status":"publish","type":"post","link":"https:\/\/filtrocapacitivo.com.br\/blog\/protecao-de-equipamentos-em-temperaturas-altas\/","title":{"rendered":"Prote\u00e7\u00e3o de equipamentos em temperaturas altas"},"content":{"rendered":"\n<p> O ver\u00e3o inicia oficialmente em 21 de dezembro, como tamb\u00e9m, janeiro \u00e9 reconhecido como um dos meses mais quentes, nisso a tend\u00eancia \u00e9 que a temperatura continue aumentando. Nada melhor que dicas para proteger os equipamentos que apresentam maiores problemas e desgastes nesse per\u00edodo.<\/p>\n\n\n\n<div class=\"wp-block-image\"><figure class=\"aligncenter is-resized\"><img loading=\"lazy\" decoding=\"async\" src=\"https:\/\/filtrocapacitivo.com.br\/blog\/wp-content\/uploads\/2023\/01\/20.12-blog-1024x1024.jpg\" alt=\"\" class=\"wp-image-1593\" width=\"512\" height=\"512\" srcset=\"https:\/\/filtrocapacitivo.com.br\/blog\/wp-content\/uploads\/2023\/01\/20.12-blog-1024x1024.jpg 1024w, https:\/\/filtrocapacitivo.com.br\/blog\/wp-content\/uploads\/2023\/01\/20.12-blog-150x150.jpg 150w, https:\/\/filtrocapacitivo.com.br\/blog\/wp-content\/uploads\/2023\/01\/20.12-blog-300x300.jpg 300w, https:\/\/filtrocapacitivo.com.br\/blog\/wp-content\/uploads\/2023\/01\/20.12-blog-768x768.jpg 768w, https:\/\/filtrocapacitivo.com.br\/blog\/wp-content\/uploads\/2023\/01\/20.12-blog-146x146.jpg 146w, https:\/\/filtrocapacitivo.com.br\/blog\/wp-content\/uploads\/2023\/01\/20.12-blog-50x50.jpg 50w, https:\/\/filtrocapacitivo.com.br\/blog\/wp-content\/uploads\/2023\/01\/20.12-blog-75x75.jpg 75w, https:\/\/filtrocapacitivo.com.br\/blog\/wp-content\/uploads\/2023\/01\/20.12-blog-85x85.jpg 85w, https:\/\/filtrocapacitivo.com.br\/blog\/wp-content\/uploads\/2023\/01\/20.12-blog-80x80.jpg 80w, https:\/\/filtrocapacitivo.com.br\/blog\/wp-content\/uploads\/2023\/01\/20.12-blog.jpg 1080w\" sizes=\"auto, (max-width: 512px) 100vw, 512px\" \/><\/figure><\/div>\n\n\n\n<p>\u2705Limpeza regular: al\u00e9m do calor, a umidade com as chuvas de ver\u00e3o tamb\u00e9m pode ser problema, a limpeza com profissionais e locais especializados s\u00e3o uma solu\u00e7\u00e3o;<\/p>\n\n\n\n<p>\u2705N\u00e3o esque\u00e7a equipamentos dentro do carro: O interior do autom\u00f3vel costuma atingir uma temperatura alta danificando aparelhos;<\/p>\n\n\n\n<p>\u2705Exposi\u00e7\u00e3o direta ao sol: A luz direta costuma causar danos irrevers\u00edveis em telas, processadores, baterias, mem\u00f3rias etc.;<\/p>\n\n\n\n<p>\u2705Deixe um espa\u00e7o para a \u201crespira\u00e7\u00e3o\u201d: Alguns equipamentos precisam de espa\u00e7o ao redor para a circula\u00e7\u00e3o de ar. <\/p>\n\n\n\n<p>Venha conhecer mais sobre os filtros capacitivos. Fale com nossos consultores pelo telefone:\u00a0<a href=\"tel:08130890606\">(81) 3089-0606<\/a>, fale pelo WhatsApp:\u00a0<a rel=\"noreferrer noopener\" href=\"https:\/\/wa.me\/5581998710126\" target=\"_blank\">(81) 99871-0126<\/a>\u00a0ou preencha o\u00a0<a rel=\"noreferrer noopener\" href=\"https:\/\/filtrocapacitivo.com.br\/contato\" target=\"_blank\">formul\u00e1rio<\/a>. <\/p>\n","protected":false},"excerpt":{"rendered":"<p>O ver\u00e3o inicia oficialmente em 21 de dezembro, como tamb\u00e9m, janeiro \u00e9 reconhecido como um dos meses mais quentes, nisso a tend\u00eancia \u00e9 que a temperatura<span class=\"excerpt-hellip\"> [\u2026]<\/span><\/p>\n","protected":false},"author":1,"featured_media":1593,"comment_status":"closed","ping_status":"closed","sticky":false,"template":"","format":"standard","meta":{"footnotes":""},"categories":[7],"tags":[],"class_list":["post-1592","post","type-post","status-publish","format-standard","has-post-thumbnail","hentry","category-dicas"],"_links":{"self":[{"href":"https:\/\/filtrocapacitivo.com.br\/blog\/wp-json\/wp\/v2\/posts\/1592","targetHints":{"allow":["GET"]}}],"collection":[{"href":"https:\/\/filtrocapacitivo.com.br\/blog\/wp-json\/wp\/v2\/posts"}],"about":[{"href":"https:\/\/filtrocapacitivo.com.br\/blog\/wp-json\/wp\/v2\/types\/post"}],"author":[{"embeddable":true,"href":"https:\/\/filtrocapacitivo.com.br\/blog\/wp-json\/wp\/v2\/users\/1"}],"replies":[{"embeddable":true,"href":"https:\/\/filtrocapacitivo.com.br\/blog\/wp-json\/wp\/v2\/comments?post=1592"}],"version-history":[{"count":1,"href":"https:\/\/filtrocapacitivo.com.br\/blog\/wp-json\/wp\/v2\/posts\/1592\/revisions"}],"predecessor-version":[{"id":1594,"href":"https:\/\/filtrocapacitivo.com.br\/blog\/wp-json\/wp\/v2\/posts\/1592\/revisions\/1594"}],"wp:featuredmedia":[{"embeddable":true,"href":"https:\/\/filtrocapacitivo.com.br\/blog\/wp-json\/wp\/v2\/media\/1593"}],"wp:attachment":[{"href":"https:\/\/filtrocapacitivo.com.br\/blog\/wp-json\/wp\/v2\/media?parent=1592"}],"wp:term":[{"taxonomy":"category","embeddable":true,"href":"https:\/\/filtrocapacitivo.com.br\/blog\/wp-json\/wp\/v2\/categories?post=1592"},{"taxonomy":"post_tag","embeddable":true,"href":"https:\/\/filtrocapacitivo.com.br\/blog\/wp-json\/wp\/v2\/tags?post=1592"}],"curies":[{"name":"wp","href":"https:\/\/api.w.org\/{rel}","templated":true}]}}