{"id":1598,"date":"2022-12-27T11:00:06","date_gmt":"2022-12-27T14:00:06","guid":{"rendered":"https:\/\/filtrocapacitivo.com.br\/blog\/?p=1598"},"modified":"2023-01-03T11:02:00","modified_gmt":"2023-01-03T14:02:00","slug":"vantagens-de-um-distribuidor-personalite","status":"publish","type":"post","link":"https:\/\/filtrocapacitivo.com.br\/blog\/vantagens-de-um-distribuidor-personalite\/","title":{"rendered":"Vantagens de um distribuidor Personalit\u00e9"},"content":{"rendered":"\n<p> A distribui\u00e7\u00e3o no formato <i>personalit\u00e9<\/i> da Lumilight do Brasil\u00ae, al\u00e9m de ser uma op\u00e7\u00e3o mais rent\u00e1vel, possui uma grande vantagem por oferecer o servi\u00e7o de suporte in loco, aonde a fabricante vai at\u00e9 o distribuidor para dar total apoio t\u00e9cnico e comercial.<\/p>\n\n\n\n<div class=\"wp-block-image\"><figure class=\"aligncenter is-resized\"><img loading=\"lazy\" decoding=\"async\" src=\"https:\/\/filtrocapacitivo.com.br\/blog\/wp-content\/uploads\/2023\/01\/27.12-blog-1024x1024.jpg\" alt=\"\" class=\"wp-image-1599\" width=\"512\" height=\"512\" srcset=\"https:\/\/filtrocapacitivo.com.br\/blog\/wp-content\/uploads\/2023\/01\/27.12-blog-1024x1024.jpg 1024w, https:\/\/filtrocapacitivo.com.br\/blog\/wp-content\/uploads\/2023\/01\/27.12-blog-150x150.jpg 150w, https:\/\/filtrocapacitivo.com.br\/blog\/wp-content\/uploads\/2023\/01\/27.12-blog-300x300.jpg 300w, https:\/\/filtrocapacitivo.com.br\/blog\/wp-content\/uploads\/2023\/01\/27.12-blog-768x768.jpg 768w, https:\/\/filtrocapacitivo.com.br\/blog\/wp-content\/uploads\/2023\/01\/27.12-blog-146x146.jpg 146w, https:\/\/filtrocapacitivo.com.br\/blog\/wp-content\/uploads\/2023\/01\/27.12-blog-50x50.jpg 50w, https:\/\/filtrocapacitivo.com.br\/blog\/wp-content\/uploads\/2023\/01\/27.12-blog-75x75.jpg 75w, https:\/\/filtrocapacitivo.com.br\/blog\/wp-content\/uploads\/2023\/01\/27.12-blog-85x85.jpg 85w, https:\/\/filtrocapacitivo.com.br\/blog\/wp-content\/uploads\/2023\/01\/27.12-blog-80x80.jpg 80w, https:\/\/filtrocapacitivo.com.br\/blog\/wp-content\/uploads\/2023\/01\/27.12-blog.jpg 1080w\" sizes=\"auto, (max-width: 512px) 100vw, 512px\" \/><\/figure><\/div>\n\n\n\n<p>N\u00f3s estivemos presentes para o suporte de mais um distribuidor <em>personalit\u00e9<\/em>, desta vez na regi\u00e3o da zona da mata de Minas Gerais, para firmar nosso compromisso com o desenvolvimento e qualidade de nossos distribuidores. Nossa equipe t\u00e9cnica e comercial visitou grandes instala\u00e7\u00f5es onde foi dado o pontap\u00e9 inicial da an\u00e1lise de energia.<\/p>\n\n\n\n<p>Ser um distribuidor <em>personalit\u00e9 <\/em>tem seu diferencial. Mas devemos lembrar que oferecemos a mesma seguran\u00e7a e \u00e9tica para todos nossos modelos de neg\u00f3cios. <\/p>\n\n\n\n<p>Venha conhecer mais sobre os filtros capacitivos. Fale com nossos consultores pelo telefone:\u00a0<a href=\"tel:08130890606\">(81) 3089-0606<\/a>, fale pelo WhatsApp:\u00a0<a rel=\"noreferrer noopener\" href=\"https:\/\/wa.me\/5581998710126\" target=\"_blank\">(81) 99871-0126<\/a>\u00a0ou preencha o\u00a0<a rel=\"noreferrer noopener\" href=\"https:\/\/filtrocapacitivo.com.br\/contato\" target=\"_blank\">formul\u00e1rio<\/a>. <\/p>\n","protected":false},"excerpt":{"rendered":"<p>A distribui\u00e7\u00e3o no formato personalit\u00e9 da Lumilight do Brasil\u00ae, al\u00e9m de ser uma op\u00e7\u00e3o mais rent\u00e1vel, possui uma grande vantagem por oferecer o servi\u00e7o de suporte<span class=\"excerpt-hellip\"> [\u2026]<\/span><\/p>\n","protected":false},"author":1,"featured_media":1599,"comment_status":"closed","ping_status":"closed","sticky":false,"template":"","format":"standard","meta":{"footnotes":""},"categories":[8],"tags":[],"class_list":["post-1598","post","type-post","status-publish","format-standard","has-post-thumbnail","hentry","category-institucional"],"_links":{"self":[{"href":"https:\/\/filtrocapacitivo.com.br\/blog\/wp-json\/wp\/v2\/posts\/1598","targetHints":{"allow":["GET"]}}],"collection":[{"href":"https:\/\/filtrocapacitivo.com.br\/blog\/wp-json\/wp\/v2\/posts"}],"about":[{"href":"https:\/\/filtrocapacitivo.com.br\/blog\/wp-json\/wp\/v2\/types\/post"}],"author":[{"embeddable":true,"href":"https:\/\/filtrocapacitivo.com.br\/blog\/wp-json\/wp\/v2\/users\/1"}],"replies":[{"embeddable":true,"href":"https:\/\/filtrocapacitivo.com.br\/blog\/wp-json\/wp\/v2\/comments?post=1598"}],"version-history":[{"count":1,"href":"https:\/\/filtrocapacitivo.com.br\/blog\/wp-json\/wp\/v2\/posts\/1598\/revisions"}],"predecessor-version":[{"id":1600,"href":"https:\/\/filtrocapacitivo.com.br\/blog\/wp-json\/wp\/v2\/posts\/1598\/revisions\/1600"}],"wp:featuredmedia":[{"embeddable":true,"href":"https:\/\/filtrocapacitivo.com.br\/blog\/wp-json\/wp\/v2\/media\/1599"}],"wp:attachment":[{"href":"https:\/\/filtrocapacitivo.com.br\/blog\/wp-json\/wp\/v2\/media?parent=1598"}],"wp:term":[{"taxonomy":"category","embeddable":true,"href":"https:\/\/filtrocapacitivo.com.br\/blog\/wp-json\/wp\/v2\/categories?post=1598"},{"taxonomy":"post_tag","embeddable":true,"href":"https:\/\/filtrocapacitivo.com.br\/blog\/wp-json\/wp\/v2\/tags?post=1598"}],"curies":[{"name":"wp","href":"https:\/\/api.w.org\/{rel}","templated":true}]}}