{"id":1604,"date":"2023-01-03T11:00:44","date_gmt":"2023-01-03T14:00:44","guid":{"rendered":"https:\/\/filtrocapacitivo.com.br\/blog\/?p=1604"},"modified":"2023-01-19T10:20:35","modified_gmt":"2023-01-19T13:20:35","slug":"garantia-ate-2033","status":"publish","type":"post","link":"https:\/\/filtrocapacitivo.com.br\/blog\/garantia-ate-2033\/","title":{"rendered":"Garantia at\u00e9 2033"},"content":{"rendered":"\n<p>Lumilight do Brasil\u00ae \u00e9 a \u00fanica empresa com tecnologia exclusiva de filtros capacitivos com certifica\u00e7\u00f5es, laudos t\u00e9cnicos e testes rigorosos que garantem uma vida \u00fatil de seus produtos acima de 12 anos e uma garantia de 10 anos (quem adquirir agora, ter\u00e1 garantia at\u00e9 2033).<\/p>\n\n\n\n<div class=\"wp-block-image\"><figure class=\"aligncenter is-resized\"><img loading=\"lazy\" decoding=\"async\" src=\"https:\/\/filtrocapacitivo.com.br\/blog\/wp-content\/uploads\/2023\/01\/03.01-blog-1024x1024.jpg\" alt=\"\" class=\"wp-image-1605\" width=\"512\" height=\"512\" srcset=\"https:\/\/filtrocapacitivo.com.br\/blog\/wp-content\/uploads\/2023\/01\/03.01-blog-1024x1024.jpg 1024w, https:\/\/filtrocapacitivo.com.br\/blog\/wp-content\/uploads\/2023\/01\/03.01-blog-150x150.jpg 150w, https:\/\/filtrocapacitivo.com.br\/blog\/wp-content\/uploads\/2023\/01\/03.01-blog-300x300.jpg 300w, https:\/\/filtrocapacitivo.com.br\/blog\/wp-content\/uploads\/2023\/01\/03.01-blog-768x768.jpg 768w, https:\/\/filtrocapacitivo.com.br\/blog\/wp-content\/uploads\/2023\/01\/03.01-blog-146x146.jpg 146w, https:\/\/filtrocapacitivo.com.br\/blog\/wp-content\/uploads\/2023\/01\/03.01-blog-50x50.jpg 50w, https:\/\/filtrocapacitivo.com.br\/blog\/wp-content\/uploads\/2023\/01\/03.01-blog-75x75.jpg 75w, https:\/\/filtrocapacitivo.com.br\/blog\/wp-content\/uploads\/2023\/01\/03.01-blog-85x85.jpg 85w, https:\/\/filtrocapacitivo.com.br\/blog\/wp-content\/uploads\/2023\/01\/03.01-blog-80x80.jpg 80w, https:\/\/filtrocapacitivo.com.br\/blog\/wp-content\/uploads\/2023\/01\/03.01-blog.jpg 1080w\" sizes=\"auto, (max-width: 512px) 100vw, 512px\" \/><\/figure><\/div>\n\n\n\n<p>Entre essas certifica\u00e7\u00f5es, normatiza\u00e7\u00f5es e aprova\u00e7\u00f5es est\u00e3o nomes de grandes e importantes institui\u00e7\u00f5es. Exemplos como a homologa\u00e7\u00e3o de nossos produtos pela Eletrobr\u00e1s; a aprova\u00e7\u00e3o do CPQD, maior laborat\u00f3rio da Am\u00e9rica Latina; o recebimento do Selo Verde: Empresa Parceira da Natureza pelo IBND e outras como, Lanteq, CREA, Abinee, IAF, ABNT, Sodebras, ConBRepro que garantem as funcionalidades e aplicabilidades dos nossos produtos. <\/p>\n\n\n\n<p>Venha conhecer mais sobre os filtros capacitivos. Fale com nossos consultores pelo telefone:\u00a0<a href=\"tel:08130890606\">(81) 3089-0606<\/a>, fale pelo WhatsApp:\u00a0<a rel=\"noreferrer noopener\" href=\"https:\/\/wa.me\/5581998710126\" target=\"_blank\">(81) 99871-0126<\/a>\u00a0ou preencha o\u00a0<a rel=\"noreferrer noopener\" href=\"https:\/\/filtrocapacitivo.com.br\/contato\" target=\"_blank\">formul\u00e1rio<\/a>. <\/p>\n","protected":false},"excerpt":{"rendered":"<p>Lumilight do Brasil\u00ae \u00e9 a \u00fanica empresa com tecnologia exclusiva de filtros capacitivos com certifica\u00e7\u00f5es, laudos t\u00e9cnicos e testes rigorosos que garantem uma vida \u00fatil de<span class=\"excerpt-hellip\"> [\u2026]<\/span><\/p>\n","protected":false},"author":1,"featured_media":1605,"comment_status":"closed","ping_status":"closed","sticky":false,"template":"","format":"standard","meta":{"footnotes":""},"categories":[1,8],"tags":[],"class_list":["post-1604","post","type-post","status-publish","format-standard","has-post-thumbnail","hentry","category-filtros-capacitivos","category-institucional"],"_links":{"self":[{"href":"https:\/\/filtrocapacitivo.com.br\/blog\/wp-json\/wp\/v2\/posts\/1604","targetHints":{"allow":["GET"]}}],"collection":[{"href":"https:\/\/filtrocapacitivo.com.br\/blog\/wp-json\/wp\/v2\/posts"}],"about":[{"href":"https:\/\/filtrocapacitivo.com.br\/blog\/wp-json\/wp\/v2\/types\/post"}],"author":[{"embeddable":true,"href":"https:\/\/filtrocapacitivo.com.br\/blog\/wp-json\/wp\/v2\/users\/1"}],"replies":[{"embeddable":true,"href":"https:\/\/filtrocapacitivo.com.br\/blog\/wp-json\/wp\/v2\/comments?post=1604"}],"version-history":[{"count":2,"href":"https:\/\/filtrocapacitivo.com.br\/blog\/wp-json\/wp\/v2\/posts\/1604\/revisions"}],"predecessor-version":[{"id":1607,"href":"https:\/\/filtrocapacitivo.com.br\/blog\/wp-json\/wp\/v2\/posts\/1604\/revisions\/1607"}],"wp:featuredmedia":[{"embeddable":true,"href":"https:\/\/filtrocapacitivo.com.br\/blog\/wp-json\/wp\/v2\/media\/1605"}],"wp:attachment":[{"href":"https:\/\/filtrocapacitivo.com.br\/blog\/wp-json\/wp\/v2\/media?parent=1604"}],"wp:term":[{"taxonomy":"category","embeddable":true,"href":"https:\/\/filtrocapacitivo.com.br\/blog\/wp-json\/wp\/v2\/categories?post=1604"},{"taxonomy":"post_tag","embeddable":true,"href":"https:\/\/filtrocapacitivo.com.br\/blog\/wp-json\/wp\/v2\/tags?post=1604"}],"curies":[{"name":"wp","href":"https:\/\/api.w.org\/{rel}","templated":true}]}}