{"id":1655,"date":"2023-02-28T11:00:23","date_gmt":"2023-02-28T14:00:23","guid":{"rendered":"https:\/\/filtrocapacitivo.com.br\/blog\/?p=1655"},"modified":"2023-04-10T01:19:51","modified_gmt":"2023-04-10T04:19:51","slug":"carga-de-energia-do-sin-de-fevereiro-teve-aumento-de-1","status":"publish","type":"post","link":"https:\/\/filtrocapacitivo.com.br\/blog\/carga-de-energia-do-sin-de-fevereiro-teve-aumento-de-1\/","title":{"rendered":"Carga de energia do SIN de fevereiro teve aumento de 1%"},"content":{"rendered":"\n<p> O crescimento da carga de energia da SIN (Sistema Interligado Nacional) para 75.099 MW no m\u00eas de fevereiro em compara\u00e7\u00e3o ao ano anterior foi relacionado as altas temperaturas, por menos dias \u00fateis e pelo feriado do Carnaval.<\/p>\n\n\n\n<div class=\"wp-block-image\"><figure class=\"aligncenter is-resized\"><img loading=\"lazy\" decoding=\"async\" src=\"https:\/\/filtrocapacitivo.com.br\/blog\/wp-content\/uploads\/2023\/04\/28.02-blog-1024x1024.jpg\" alt=\"\" class=\"wp-image-1656\" width=\"512\" height=\"512\" srcset=\"https:\/\/filtrocapacitivo.com.br\/blog\/wp-content\/uploads\/2023\/04\/28.02-blog-1024x1024.jpg 1024w, https:\/\/filtrocapacitivo.com.br\/blog\/wp-content\/uploads\/2023\/04\/28.02-blog-150x150.jpg 150w, https:\/\/filtrocapacitivo.com.br\/blog\/wp-content\/uploads\/2023\/04\/28.02-blog-300x300.jpg 300w, https:\/\/filtrocapacitivo.com.br\/blog\/wp-content\/uploads\/2023\/04\/28.02-blog-768x768.jpg 768w, https:\/\/filtrocapacitivo.com.br\/blog\/wp-content\/uploads\/2023\/04\/28.02-blog-146x146.jpg 146w, https:\/\/filtrocapacitivo.com.br\/blog\/wp-content\/uploads\/2023\/04\/28.02-blog-50x50.jpg 50w, https:\/\/filtrocapacitivo.com.br\/blog\/wp-content\/uploads\/2023\/04\/28.02-blog-75x75.jpg 75w, https:\/\/filtrocapacitivo.com.br\/blog\/wp-content\/uploads\/2023\/04\/28.02-blog-85x85.jpg 85w, https:\/\/filtrocapacitivo.com.br\/blog\/wp-content\/uploads\/2023\/04\/28.02-blog-80x80.jpg 80w, https:\/\/filtrocapacitivo.com.br\/blog\/wp-content\/uploads\/2023\/04\/28.02-blog.jpg 1080w\" sizes=\"auto, (max-width: 512px) 100vw, 512px\" \/><\/figure><\/div>\n\n\n\n<p>Analisadas as regi\u00f5es de todo o pa\u00eds, algumas mantiveram a previs\u00e3o de queda e outras de aumento, como a regi\u00e3o Nordeste com um aumento de 1,6% chegando a 12.026 MW m\u00e9dios, e as regi\u00f5es Sudeste\/Centro-Oeste com uma queda de 0,6% com 42.822 MW m\u00e9dios.<\/p>\n\n\n\n<p>As an\u00e1lises ficaram abaixo do valor previsto e algumas cargas com mais baixas, segundo a proje\u00e7\u00e3o do Programa Mensal de Opera\u00e7\u00e3o Energ\u00e9tica (PMO). <\/p>\n\n\n\n<p>Venha conhecer mais sobre os filtros capacitivos. Fale com nossos consultores pelo telefone:\u00a0<a href=\"tel:08130890606\">(81) 3089-0606<\/a>, fale pelo WhatsApp:\u00a0<a rel=\"noreferrer noopener\" href=\"https:\/\/wa.me\/5581998710126\" target=\"_blank\">(81) 99871-0126<\/a>\u00a0ou preencha o\u00a0<a rel=\"noreferrer noopener\" href=\"https:\/\/filtrocapacitivo.com.br\/contato\" target=\"_blank\">formul\u00e1rio<\/a>. <\/p>\n","protected":false},"excerpt":{"rendered":"<p>O crescimento da carga de energia da SIN (Sistema Interligado Nacional) para 75.099 MW no m\u00eas de fevereiro em compara\u00e7\u00e3o ao ano anterior foi relacionado as<span class=\"excerpt-hellip\"> [\u2026]<\/span><\/p>\n","protected":false},"author":1,"featured_media":1656,"comment_status":"closed","ping_status":"closed","sticky":false,"template":"","format":"standard","meta":{"footnotes":""},"categories":[5],"tags":[],"class_list":["post-1655","post","type-post","status-publish","format-standard","has-post-thumbnail","hentry","category-noticias"],"_links":{"self":[{"href":"https:\/\/filtrocapacitivo.com.br\/blog\/wp-json\/wp\/v2\/posts\/1655","targetHints":{"allow":["GET"]}}],"collection":[{"href":"https:\/\/filtrocapacitivo.com.br\/blog\/wp-json\/wp\/v2\/posts"}],"about":[{"href":"https:\/\/filtrocapacitivo.com.br\/blog\/wp-json\/wp\/v2\/types\/post"}],"author":[{"embeddable":true,"href":"https:\/\/filtrocapacitivo.com.br\/blog\/wp-json\/wp\/v2\/users\/1"}],"replies":[{"embeddable":true,"href":"https:\/\/filtrocapacitivo.com.br\/blog\/wp-json\/wp\/v2\/comments?post=1655"}],"version-history":[{"count":1,"href":"https:\/\/filtrocapacitivo.com.br\/blog\/wp-json\/wp\/v2\/posts\/1655\/revisions"}],"predecessor-version":[{"id":1657,"href":"https:\/\/filtrocapacitivo.com.br\/blog\/wp-json\/wp\/v2\/posts\/1655\/revisions\/1657"}],"wp:featuredmedia":[{"embeddable":true,"href":"https:\/\/filtrocapacitivo.com.br\/blog\/wp-json\/wp\/v2\/media\/1656"}],"wp:attachment":[{"href":"https:\/\/filtrocapacitivo.com.br\/blog\/wp-json\/wp\/v2\/media?parent=1655"}],"wp:term":[{"taxonomy":"category","embeddable":true,"href":"https:\/\/filtrocapacitivo.com.br\/blog\/wp-json\/wp\/v2\/categories?post=1655"},{"taxonomy":"post_tag","embeddable":true,"href":"https:\/\/filtrocapacitivo.com.br\/blog\/wp-json\/wp\/v2\/tags?post=1655"}],"curies":[{"name":"wp","href":"https:\/\/api.w.org\/{rel}","templated":true}]}}