{"id":1658,"date":"2023-03-02T11:00:49","date_gmt":"2023-03-02T14:00:49","guid":{"rendered":"https:\/\/filtrocapacitivo.com.br\/blog\/?p=1658"},"modified":"2023-04-10T01:49:54","modified_gmt":"2023-04-10T04:49:54","slug":"reservatorios-com-previsao-acima-de-80","status":"publish","type":"post","link":"https:\/\/filtrocapacitivo.com.br\/blog\/reservatorios-com-previsao-acima-de-80\/","title":{"rendered":"Reservat\u00f3rios com previs\u00e3o acima de 80%"},"content":{"rendered":"\n<p> Para o m\u00eas de mar\u00e7o est\u00e1 previsto que os reservat\u00f3rios das regi\u00f5es do Brasil devem ficar acima de 80%. Uma das regi\u00f5es com a maior taxa \u00e9 a regi\u00e3o Nordeste com a previs\u00e3o de 86,4%, j\u00e1 a regi\u00e3o Norte n\u00e3o alcan\u00e7ar\u00e1 o \u00edndice das demais regi\u00f5es, ficando baixo de 65%.<\/p>\n\n\n\n<div class=\"wp-block-image\"><figure class=\"aligncenter is-resized\"><img loading=\"lazy\" decoding=\"async\" src=\"https:\/\/filtrocapacitivo.com.br\/blog\/wp-content\/uploads\/2023\/04\/02.03-blog-1024x1024.jpg\" alt=\"\" class=\"wp-image-1659\" width=\"512\" height=\"512\" srcset=\"https:\/\/filtrocapacitivo.com.br\/blog\/wp-content\/uploads\/2023\/04\/02.03-blog-1024x1024.jpg 1024w, https:\/\/filtrocapacitivo.com.br\/blog\/wp-content\/uploads\/2023\/04\/02.03-blog-150x150.jpg 150w, https:\/\/filtrocapacitivo.com.br\/blog\/wp-content\/uploads\/2023\/04\/02.03-blog-300x300.jpg 300w, https:\/\/filtrocapacitivo.com.br\/blog\/wp-content\/uploads\/2023\/04\/02.03-blog-768x768.jpg 768w, https:\/\/filtrocapacitivo.com.br\/blog\/wp-content\/uploads\/2023\/04\/02.03-blog-146x146.jpg 146w, https:\/\/filtrocapacitivo.com.br\/blog\/wp-content\/uploads\/2023\/04\/02.03-blog-50x50.jpg 50w, https:\/\/filtrocapacitivo.com.br\/blog\/wp-content\/uploads\/2023\/04\/02.03-blog-75x75.jpg 75w, https:\/\/filtrocapacitivo.com.br\/blog\/wp-content\/uploads\/2023\/04\/02.03-blog-85x85.jpg 85w, https:\/\/filtrocapacitivo.com.br\/blog\/wp-content\/uploads\/2023\/04\/02.03-blog-80x80.jpg 80w, https:\/\/filtrocapacitivo.com.br\/blog\/wp-content\/uploads\/2023\/04\/02.03-blog.jpg 1080w\" sizes=\"auto, (max-width: 512px) 100vw, 512px\" \/><\/figure><\/div>\n\n\n\n<p>Segundo o Operador Nacional do Sistema El\u00e9trico (ONS), a Energia Natural Afluente (ENA) prevista para esse m\u00eas \u00e9 de 100% na MLT (m\u00e9dia de longo termo) nas regi\u00f5es Sudeste\/Centro-Oeste onde fica concentrado 70% do armazenamento dos reservat\u00f3rios do pa\u00eds. Essa m\u00e9dia \u00e9 devido a precipita\u00e7\u00f5es de chuvas acima da m\u00e9dia hist\u00f3rica nas bacias de rios dessas regi\u00f5es. <\/p>\n\n\n\n<p>Venha conhecer mais sobre os filtros capacitivos. Fale com nossos consultores pelo telefone:\u00a0<a href=\"tel:08130890606\">(81) 3089-0606<\/a>, fale pelo WhatsApp:\u00a0<a rel=\"noreferrer noopener\" href=\"https:\/\/wa.me\/5581998710126\" target=\"_blank\">(81) 99871-0126<\/a>\u00a0ou preencha o\u00a0<a rel=\"noreferrer noopener\" href=\"https:\/\/filtrocapacitivo.com.br\/contato\" target=\"_blank\">formul\u00e1rio<\/a>. <\/p>\n","protected":false},"excerpt":{"rendered":"<p>Para o m\u00eas de mar\u00e7o est\u00e1 previsto que os reservat\u00f3rios das regi\u00f5es do Brasil devem ficar acima de 80%. Uma das regi\u00f5es com a maior taxa<span class=\"excerpt-hellip\"> [\u2026]<\/span><\/p>\n","protected":false},"author":1,"featured_media":1659,"comment_status":"closed","ping_status":"closed","sticky":false,"template":"","format":"standard","meta":{"footnotes":""},"categories":[5],"tags":[],"class_list":["post-1658","post","type-post","status-publish","format-standard","has-post-thumbnail","hentry","category-noticias"],"_links":{"self":[{"href":"https:\/\/filtrocapacitivo.com.br\/blog\/wp-json\/wp\/v2\/posts\/1658","targetHints":{"allow":["GET"]}}],"collection":[{"href":"https:\/\/filtrocapacitivo.com.br\/blog\/wp-json\/wp\/v2\/posts"}],"about":[{"href":"https:\/\/filtrocapacitivo.com.br\/blog\/wp-json\/wp\/v2\/types\/post"}],"author":[{"embeddable":true,"href":"https:\/\/filtrocapacitivo.com.br\/blog\/wp-json\/wp\/v2\/users\/1"}],"replies":[{"embeddable":true,"href":"https:\/\/filtrocapacitivo.com.br\/blog\/wp-json\/wp\/v2\/comments?post=1658"}],"version-history":[{"count":1,"href":"https:\/\/filtrocapacitivo.com.br\/blog\/wp-json\/wp\/v2\/posts\/1658\/revisions"}],"predecessor-version":[{"id":1660,"href":"https:\/\/filtrocapacitivo.com.br\/blog\/wp-json\/wp\/v2\/posts\/1658\/revisions\/1660"}],"wp:featuredmedia":[{"embeddable":true,"href":"https:\/\/filtrocapacitivo.com.br\/blog\/wp-json\/wp\/v2\/media\/1659"}],"wp:attachment":[{"href":"https:\/\/filtrocapacitivo.com.br\/blog\/wp-json\/wp\/v2\/media?parent=1658"}],"wp:term":[{"taxonomy":"category","embeddable":true,"href":"https:\/\/filtrocapacitivo.com.br\/blog\/wp-json\/wp\/v2\/categories?post=1658"},{"taxonomy":"post_tag","embeddable":true,"href":"https:\/\/filtrocapacitivo.com.br\/blog\/wp-json\/wp\/v2\/tags?post=1658"}],"curies":[{"name":"wp","href":"https:\/\/api.w.org\/{rel}","templated":true}]}}