{"id":1667,"date":"2023-03-24T11:00:30","date_gmt":"2023-03-24T14:00:30","guid":{"rendered":"https:\/\/filtrocapacitivo.com.br\/blog\/?p=1667"},"modified":"2023-04-10T01:57:26","modified_gmt":"2023-04-10T04:57:26","slug":"sustentabilidade-vs-desenvolvimento-sustentavel","status":"publish","type":"post","link":"https:\/\/filtrocapacitivo.com.br\/blog\/sustentabilidade-vs-desenvolvimento-sustentavel\/","title":{"rendered":"Sustentabilidade Vs desenvolvimento sustent\u00e1vel"},"content":{"rendered":"\n<p> Por mais que os termos sejam parecidos, h\u00e1 uma diferen\u00e7a entre eles.<\/p>\n\n\n\n<div class=\"wp-block-image\"><figure class=\"aligncenter is-resized\"><img loading=\"lazy\" decoding=\"async\" src=\"https:\/\/filtrocapacitivo.com.br\/blog\/wp-content\/uploads\/2023\/04\/24.03-blog-1024x1024.jpg\" alt=\"\" class=\"wp-image-1668\" width=\"512\" height=\"512\" srcset=\"https:\/\/filtrocapacitivo.com.br\/blog\/wp-content\/uploads\/2023\/04\/24.03-blog-1024x1024.jpg 1024w, https:\/\/filtrocapacitivo.com.br\/blog\/wp-content\/uploads\/2023\/04\/24.03-blog-150x150.jpg 150w, https:\/\/filtrocapacitivo.com.br\/blog\/wp-content\/uploads\/2023\/04\/24.03-blog-300x300.jpg 300w, https:\/\/filtrocapacitivo.com.br\/blog\/wp-content\/uploads\/2023\/04\/24.03-blog-768x768.jpg 768w, https:\/\/filtrocapacitivo.com.br\/blog\/wp-content\/uploads\/2023\/04\/24.03-blog-146x146.jpg 146w, https:\/\/filtrocapacitivo.com.br\/blog\/wp-content\/uploads\/2023\/04\/24.03-blog-50x50.jpg 50w, https:\/\/filtrocapacitivo.com.br\/blog\/wp-content\/uploads\/2023\/04\/24.03-blog-75x75.jpg 75w, https:\/\/filtrocapacitivo.com.br\/blog\/wp-content\/uploads\/2023\/04\/24.03-blog-85x85.jpg 85w, https:\/\/filtrocapacitivo.com.br\/blog\/wp-content\/uploads\/2023\/04\/24.03-blog-80x80.jpg 80w, https:\/\/filtrocapacitivo.com.br\/blog\/wp-content\/uploads\/2023\/04\/24.03-blog.jpg 1080w\" sizes=\"auto, (max-width: 512px) 100vw, 512px\" \/><\/figure><\/div>\n\n\n\n<p>Sustentabilidade \u00e9 adotar iniciativas, na vida pessoal e\/ou na vida empresarial, para reduzir os excessivos consumos, pensando nos que n\u00e3o podem consumir o m\u00ednimo e, tamb\u00e9m, na preserva\u00e7\u00e3o do planeta. Tornar equilibrado o que a natureza nos fornece com o que se consome.<\/p>\n\n\n\n<p>J\u00e1 o desenvolvimento sustent\u00e1vel, express\u00e3o citada pela primeira vez em 1978 pelo diplomata Gro Harlem Brundland, significa suprir as necessidades atuais, sem prejudicar a gera\u00e7\u00e3o futura. Preservar o ecossistema ao mesmo tempo que atende as necessidades socioecon\u00f4micas da popula\u00e7\u00e3o.<\/p>\n\n\n\n<p>Uma empresa \u00e9tica precisa se preocupar com o planeta e adotar m\u00e9todos sustent\u00e1veis \u00e9 uma grande caracter\u00edstica. <\/p>\n\n\n\n<p>Venha conhecer mais sobre os filtros capacitivos. Fale com nossos consultores pelo telefone:\u00a0<a href=\"tel:08130890606\">(81) 3089-0606<\/a>, fale pelo WhatsApp:\u00a0<a rel=\"noreferrer noopener\" href=\"https:\/\/wa.me\/5581998710126\" target=\"_blank\">(81) 99871-0126<\/a>\u00a0ou preencha o\u00a0<a rel=\"noreferrer noopener\" href=\"https:\/\/filtrocapacitivo.com.br\/contato\" target=\"_blank\">formul\u00e1rio<\/a>. <\/p>\n","protected":false},"excerpt":{"rendered":"<p>Por mais que os termos sejam parecidos, h\u00e1 uma diferen\u00e7a entre eles. Sustentabilidade \u00e9 adotar iniciativas, na vida pessoal e\/ou na vida empresarial, para reduzir os<span class=\"excerpt-hellip\"> [\u2026]<\/span><\/p>\n","protected":false},"author":1,"featured_media":1668,"comment_status":"closed","ping_status":"closed","sticky":false,"template":"","format":"standard","meta":{"footnotes":""},"categories":[1],"tags":[],"class_list":["post-1667","post","type-post","status-publish","format-standard","has-post-thumbnail","hentry","category-filtros-capacitivos"],"_links":{"self":[{"href":"https:\/\/filtrocapacitivo.com.br\/blog\/wp-json\/wp\/v2\/posts\/1667","targetHints":{"allow":["GET"]}}],"collection":[{"href":"https:\/\/filtrocapacitivo.com.br\/blog\/wp-json\/wp\/v2\/posts"}],"about":[{"href":"https:\/\/filtrocapacitivo.com.br\/blog\/wp-json\/wp\/v2\/types\/post"}],"author":[{"embeddable":true,"href":"https:\/\/filtrocapacitivo.com.br\/blog\/wp-json\/wp\/v2\/users\/1"}],"replies":[{"embeddable":true,"href":"https:\/\/filtrocapacitivo.com.br\/blog\/wp-json\/wp\/v2\/comments?post=1667"}],"version-history":[{"count":1,"href":"https:\/\/filtrocapacitivo.com.br\/blog\/wp-json\/wp\/v2\/posts\/1667\/revisions"}],"predecessor-version":[{"id":1669,"href":"https:\/\/filtrocapacitivo.com.br\/blog\/wp-json\/wp\/v2\/posts\/1667\/revisions\/1669"}],"wp:featuredmedia":[{"embeddable":true,"href":"https:\/\/filtrocapacitivo.com.br\/blog\/wp-json\/wp\/v2\/media\/1668"}],"wp:attachment":[{"href":"https:\/\/filtrocapacitivo.com.br\/blog\/wp-json\/wp\/v2\/media?parent=1667"}],"wp:term":[{"taxonomy":"category","embeddable":true,"href":"https:\/\/filtrocapacitivo.com.br\/blog\/wp-json\/wp\/v2\/categories?post=1667"},{"taxonomy":"post_tag","embeddable":true,"href":"https:\/\/filtrocapacitivo.com.br\/blog\/wp-json\/wp\/v2\/tags?post=1667"}],"curies":[{"name":"wp","href":"https:\/\/api.w.org\/{rel}","templated":true}]}}