{"id":1670,"date":"2023-03-29T11:00:40","date_gmt":"2023-03-29T14:00:40","guid":{"rendered":"https:\/\/filtrocapacitivo.com.br\/blog\/?p=1670"},"modified":"2023-04-10T01:59:09","modified_gmt":"2023-04-10T04:59:09","slug":"filtros-capacitivos-reducao-na-queima-de-equipamentos","status":"publish","type":"post","link":"https:\/\/filtrocapacitivo.com.br\/blog\/filtros-capacitivos-reducao-na-queima-de-equipamentos\/","title":{"rendered":"Filtros Capacitivos: redu\u00e7\u00e3o na queima de equipamentos"},"content":{"rendered":"\n<p>\n\nUma das principais causas de queima de equipamentos \u00e9 a varia\u00e7\u00e3o de tens\u00e3o na rede el\u00e9trica. Numa tens\u00e3o pode ocorrer, basicamente, quatro tipos de perturba\u00e7\u00f5es:<\/p>\n\n\n\n<ul class=\"wp-block-list\"><li>De frequ\u00eancia: altera\u00e7\u00f5es no valor nominal;<\/li><li>Ligadas \u00e0 amplitude da tens\u00e3o: flutua\u00e7\u00f5es; interrup\u00e7\u00f5es de fornecimento, sobre e subtens\u00e3o entre outras;<\/li><li>Altera\u00e7\u00f5es no formato de onda &#8211; quando h\u00e1 aumento na intensidade do uso de algum equipamento e as perturba\u00e7\u00f5es harm\u00f4nicas passam a ser mais importantes;<\/li><li>Desequil\u00edbrios de tens\u00e3o ou corrente em sistemas trif\u00e1sicos.<\/li><\/ul>\n\n\n\n<div class=\"wp-block-image\"><figure class=\"aligncenter\"><img loading=\"lazy\" decoding=\"async\" width=\"1024\" height=\"1024\" src=\"https:\/\/filtrocapacitivo.com.br\/blog\/wp-content\/uploads\/2023\/04\/29.03-blog-1024x1024.jpg\" alt=\"\" class=\"wp-image-1671\" srcset=\"https:\/\/filtrocapacitivo.com.br\/blog\/wp-content\/uploads\/2023\/04\/29.03-blog-1024x1024.jpg 1024w, https:\/\/filtrocapacitivo.com.br\/blog\/wp-content\/uploads\/2023\/04\/29.03-blog-150x150.jpg 150w, https:\/\/filtrocapacitivo.com.br\/blog\/wp-content\/uploads\/2023\/04\/29.03-blog-300x300.jpg 300w, https:\/\/filtrocapacitivo.com.br\/blog\/wp-content\/uploads\/2023\/04\/29.03-blog-768x768.jpg 768w, https:\/\/filtrocapacitivo.com.br\/blog\/wp-content\/uploads\/2023\/04\/29.03-blog-146x146.jpg 146w, https:\/\/filtrocapacitivo.com.br\/blog\/wp-content\/uploads\/2023\/04\/29.03-blog-50x50.jpg 50w, https:\/\/filtrocapacitivo.com.br\/blog\/wp-content\/uploads\/2023\/04\/29.03-blog-75x75.jpg 75w, https:\/\/filtrocapacitivo.com.br\/blog\/wp-content\/uploads\/2023\/04\/29.03-blog-85x85.jpg 85w, https:\/\/filtrocapacitivo.com.br\/blog\/wp-content\/uploads\/2023\/04\/29.03-blog-80x80.jpg 80w, https:\/\/filtrocapacitivo.com.br\/blog\/wp-content\/uploads\/2023\/04\/29.03-blog.jpg 1080w\" sizes=\"auto, (max-width: 1024px) 100vw, 1024px\" \/><\/figure><\/div>\n\n\n\n<p>Assim, uma das principais fun\u00e7\u00f5es do filtro capacitivo \u00e9 a prote\u00e7\u00e3o e redu\u00e7\u00e3o na queima de equipamentos, j\u00e1 que ele age filtrando os \u201cefeitos das harm\u00f4nicas\u201d na rede el\u00e9trica, realizando a estabiliza\u00e7\u00e3o desses efeitos a um n\u00edvel aceit\u00e1vel para os equipamentos. <\/p>\n\n\n\n<p>Venha conhecer mais sobre os filtros capacitivos. Fale com nossos consultores pelo telefone:\u00a0<a href=\"tel:08130890606\">(81) 3089-0606<\/a>, fale pelo WhatsApp:\u00a0<a rel=\"noreferrer noopener\" href=\"https:\/\/wa.me\/5581998710126\" target=\"_blank\">(81) 99871-0126<\/a>\u00a0ou preencha o\u00a0<a rel=\"noreferrer noopener\" href=\"https:\/\/filtrocapacitivo.com.br\/contato\" target=\"_blank\">formul\u00e1rio<\/a>. <\/p>\n","protected":false},"excerpt":{"rendered":"<p>Uma das principais causas de queima de equipamentos \u00e9 a varia\u00e7\u00e3o de tens\u00e3o na rede el\u00e9trica. Numa tens\u00e3o pode ocorrer, basicamente, quatro tipos de perturba\u00e7\u00f5es: De<span class=\"excerpt-hellip\"> [\u2026]<\/span><\/p>\n","protected":false},"author":1,"featured_media":1671,"comment_status":"closed","ping_status":"closed","sticky":false,"template":"","format":"standard","meta":{"footnotes":""},"categories":[1],"tags":[],"class_list":["post-1670","post","type-post","status-publish","format-standard","has-post-thumbnail","hentry","category-filtros-capacitivos"],"_links":{"self":[{"href":"https:\/\/filtrocapacitivo.com.br\/blog\/wp-json\/wp\/v2\/posts\/1670","targetHints":{"allow":["GET"]}}],"collection":[{"href":"https:\/\/filtrocapacitivo.com.br\/blog\/wp-json\/wp\/v2\/posts"}],"about":[{"href":"https:\/\/filtrocapacitivo.com.br\/blog\/wp-json\/wp\/v2\/types\/post"}],"author":[{"embeddable":true,"href":"https:\/\/filtrocapacitivo.com.br\/blog\/wp-json\/wp\/v2\/users\/1"}],"replies":[{"embeddable":true,"href":"https:\/\/filtrocapacitivo.com.br\/blog\/wp-json\/wp\/v2\/comments?post=1670"}],"version-history":[{"count":1,"href":"https:\/\/filtrocapacitivo.com.br\/blog\/wp-json\/wp\/v2\/posts\/1670\/revisions"}],"predecessor-version":[{"id":1672,"href":"https:\/\/filtrocapacitivo.com.br\/blog\/wp-json\/wp\/v2\/posts\/1670\/revisions\/1672"}],"wp:featuredmedia":[{"embeddable":true,"href":"https:\/\/filtrocapacitivo.com.br\/blog\/wp-json\/wp\/v2\/media\/1671"}],"wp:attachment":[{"href":"https:\/\/filtrocapacitivo.com.br\/blog\/wp-json\/wp\/v2\/media?parent=1670"}],"wp:term":[{"taxonomy":"category","embeddable":true,"href":"https:\/\/filtrocapacitivo.com.br\/blog\/wp-json\/wp\/v2\/categories?post=1670"},{"taxonomy":"post_tag","embeddable":true,"href":"https:\/\/filtrocapacitivo.com.br\/blog\/wp-json\/wp\/v2\/tags?post=1670"}],"curies":[{"name":"wp","href":"https:\/\/api.w.org\/{rel}","templated":true}]}}