{"id":1679,"date":"2023-04-12T11:00:18","date_gmt":"2023-04-12T14:00:18","guid":{"rendered":"https:\/\/filtrocapacitivo.com.br\/blog\/?p=1679"},"modified":"2023-04-10T16:13:20","modified_gmt":"2023-04-10T19:13:20","slug":"filtro-capacitivo-e-seus-beneficios","status":"publish","type":"post","link":"https:\/\/filtrocapacitivo.com.br\/blog\/filtro-capacitivo-e-seus-beneficios\/","title":{"rendered":"Filtro Capacitivo e seus benef\u00edcios"},"content":{"rendered":"\n<p>Os benef\u00edcios que resumem os filtros capacitivos da\nLumilight do Brasil\u00ae s\u00e3o: <\/p>\n\n\n\n<ul class=\"wp-block-list\"><li>Economia;<\/li><li>Desempenho;<\/li><li>Equa\u00e7\u00e3o seletiva da frequ\u00eancia;<\/li><li>Seguran\u00e7a.<\/li><\/ul>\n\n\n\n<div class=\"wp-block-image\"><figure class=\"aligncenter is-resized\"><img loading=\"lazy\" decoding=\"async\" src=\"https:\/\/filtrocapacitivo.com.br\/blog\/wp-content\/uploads\/2023\/04\/12.04-blog-1024x1024.jpg\" alt=\"\" class=\"wp-image-1680\" width=\"512\" height=\"512\" srcset=\"https:\/\/filtrocapacitivo.com.br\/blog\/wp-content\/uploads\/2023\/04\/12.04-blog-1024x1024.jpg 1024w, https:\/\/filtrocapacitivo.com.br\/blog\/wp-content\/uploads\/2023\/04\/12.04-blog-150x150.jpg 150w, https:\/\/filtrocapacitivo.com.br\/blog\/wp-content\/uploads\/2023\/04\/12.04-blog-300x300.jpg 300w, https:\/\/filtrocapacitivo.com.br\/blog\/wp-content\/uploads\/2023\/04\/12.04-blog-768x768.jpg 768w, https:\/\/filtrocapacitivo.com.br\/blog\/wp-content\/uploads\/2023\/04\/12.04-blog-146x146.jpg 146w, https:\/\/filtrocapacitivo.com.br\/blog\/wp-content\/uploads\/2023\/04\/12.04-blog-50x50.jpg 50w, https:\/\/filtrocapacitivo.com.br\/blog\/wp-content\/uploads\/2023\/04\/12.04-blog-75x75.jpg 75w, https:\/\/filtrocapacitivo.com.br\/blog\/wp-content\/uploads\/2023\/04\/12.04-blog-85x85.jpg 85w, https:\/\/filtrocapacitivo.com.br\/blog\/wp-content\/uploads\/2023\/04\/12.04-blog-80x80.jpg 80w, https:\/\/filtrocapacitivo.com.br\/blog\/wp-content\/uploads\/2023\/04\/12.04-blog.jpg 1080w\" sizes=\"auto, (max-width: 512px) 100vw, 512px\" \/><\/figure><\/div>\n\n\n\n<p>Com um Sistema de Automa\u00e7\u00e3o (\u00fanico e exclusivo) em paralelo com a rede el\u00e9trica, o filtro possui capacitores eletrol\u00edticos de poli\u00e9ster, com responsabilidade exclusiva para capta\u00e7\u00e3o de ru\u00eddos (desperd\u00edcios), Varistores respons\u00e1veis pela prote\u00e7\u00e3o atrav\u00e9s do desvio dos surtos para o aterramento pr\u00f3prio e outros componentes no circuito que fazem com que esses componentes ajam com mais rapidez e sensibilidade na capta\u00e7\u00e3o de ru\u00eddos e na melhor prote\u00e7\u00e3o. <\/p>\n\n\n\n<p>Venha conhecer mais sobre os filtros capacitivos. Fale com nossos consultores pelo telefone:\u00a0<a href=\"tel:08130890606\">(81) 3089-0606<\/a>, fale pelo WhatsApp:\u00a0<a rel=\"noreferrer noopener\" href=\"https:\/\/wa.me\/5581998710126\" target=\"_blank\">(81) 99871-0126<\/a>\u00a0ou preencha o\u00a0<a rel=\"noreferrer noopener\" href=\"https:\/\/filtrocapacitivo.com.br\/contato\" target=\"_blank\">formul\u00e1rio<\/a>. <\/p>\n","protected":false},"excerpt":{"rendered":"<p>Os benef\u00edcios que resumem os filtros capacitivos da Lumilight do Brasil\u00ae s\u00e3o: Economia; Desempenho; Equa\u00e7\u00e3o seletiva da frequ\u00eancia; Seguran\u00e7a. Com um Sistema de Automa\u00e7\u00e3o (\u00fanico e<span class=\"excerpt-hellip\"> [\u2026]<\/span><\/p>\n","protected":false},"author":1,"featured_media":1680,"comment_status":"closed","ping_status":"closed","sticky":false,"template":"","format":"standard","meta":{"footnotes":""},"categories":[1],"tags":[],"class_list":["post-1679","post","type-post","status-publish","format-standard","has-post-thumbnail","hentry","category-filtros-capacitivos"],"_links":{"self":[{"href":"https:\/\/filtrocapacitivo.com.br\/blog\/wp-json\/wp\/v2\/posts\/1679","targetHints":{"allow":["GET"]}}],"collection":[{"href":"https:\/\/filtrocapacitivo.com.br\/blog\/wp-json\/wp\/v2\/posts"}],"about":[{"href":"https:\/\/filtrocapacitivo.com.br\/blog\/wp-json\/wp\/v2\/types\/post"}],"author":[{"embeddable":true,"href":"https:\/\/filtrocapacitivo.com.br\/blog\/wp-json\/wp\/v2\/users\/1"}],"replies":[{"embeddable":true,"href":"https:\/\/filtrocapacitivo.com.br\/blog\/wp-json\/wp\/v2\/comments?post=1679"}],"version-history":[{"count":1,"href":"https:\/\/filtrocapacitivo.com.br\/blog\/wp-json\/wp\/v2\/posts\/1679\/revisions"}],"predecessor-version":[{"id":1681,"href":"https:\/\/filtrocapacitivo.com.br\/blog\/wp-json\/wp\/v2\/posts\/1679\/revisions\/1681"}],"wp:featuredmedia":[{"embeddable":true,"href":"https:\/\/filtrocapacitivo.com.br\/blog\/wp-json\/wp\/v2\/media\/1680"}],"wp:attachment":[{"href":"https:\/\/filtrocapacitivo.com.br\/blog\/wp-json\/wp\/v2\/media?parent=1679"}],"wp:term":[{"taxonomy":"category","embeddable":true,"href":"https:\/\/filtrocapacitivo.com.br\/blog\/wp-json\/wp\/v2\/categories?post=1679"},{"taxonomy":"post_tag","embeddable":true,"href":"https:\/\/filtrocapacitivo.com.br\/blog\/wp-json\/wp\/v2\/tags?post=1679"}],"curies":[{"name":"wp","href":"https:\/\/api.w.org\/{rel}","templated":true}]}}