{"id":1682,"date":"2023-04-14T11:00:43","date_gmt":"2023-04-14T14:00:43","guid":{"rendered":"https:\/\/filtrocapacitivo.com.br\/blog\/?p=1682"},"modified":"2023-04-10T16:12:45","modified_gmt":"2023-04-10T19:12:45","slug":"analise-de-qualidade-de-energia","status":"publish","type":"post","link":"https:\/\/filtrocapacitivo.com.br\/blog\/analise-de-qualidade-de-energia\/","title":{"rendered":"An\u00e1lise de qualidade de energia"},"content":{"rendered":"\n<p>Esse tipo de an\u00e1lise engloba medi\u00e7\u00f5es de harm\u00f4nicos, de desequil\u00edbrio, de varia\u00e7\u00e3o de tens\u00e3o de curta dura\u00e7\u00e3o (VCTD) e de flutua\u00e7\u00e3o de tens\u00e3o. Ela permite caracterizar a qualidade de energia em um determinado ponto do sistema el\u00e9trico, avaliar causas de eventuais problemas, ensaiar analisadores, verificar a imunidade de diversos tipos de equipamentos, identificar e diagnosticar problemas de consumidores ou da rede el\u00e9trica.<\/p>\n\n\n\n<div class=\"wp-block-image\"><figure class=\"aligncenter is-resized\"><img loading=\"lazy\" decoding=\"async\" src=\"https:\/\/filtrocapacitivo.com.br\/blog\/wp-content\/uploads\/2023\/04\/14.04-blog-1024x1024.jpg\" alt=\"\" class=\"wp-image-1683\" width=\"512\" height=\"512\" srcset=\"https:\/\/filtrocapacitivo.com.br\/blog\/wp-content\/uploads\/2023\/04\/14.04-blog-1024x1024.jpg 1024w, https:\/\/filtrocapacitivo.com.br\/blog\/wp-content\/uploads\/2023\/04\/14.04-blog-150x150.jpg 150w, https:\/\/filtrocapacitivo.com.br\/blog\/wp-content\/uploads\/2023\/04\/14.04-blog-300x300.jpg 300w, https:\/\/filtrocapacitivo.com.br\/blog\/wp-content\/uploads\/2023\/04\/14.04-blog-768x768.jpg 768w, https:\/\/filtrocapacitivo.com.br\/blog\/wp-content\/uploads\/2023\/04\/14.04-blog-146x146.jpg 146w, https:\/\/filtrocapacitivo.com.br\/blog\/wp-content\/uploads\/2023\/04\/14.04-blog-50x50.jpg 50w, https:\/\/filtrocapacitivo.com.br\/blog\/wp-content\/uploads\/2023\/04\/14.04-blog-75x75.jpg 75w, https:\/\/filtrocapacitivo.com.br\/blog\/wp-content\/uploads\/2023\/04\/14.04-blog-85x85.jpg 85w, https:\/\/filtrocapacitivo.com.br\/blog\/wp-content\/uploads\/2023\/04\/14.04-blog-80x80.jpg 80w, https:\/\/filtrocapacitivo.com.br\/blog\/wp-content\/uploads\/2023\/04\/14.04-blog.jpg 1080w\" sizes=\"auto, (max-width: 512px) 100vw, 512px\" \/><\/figure><\/div>\n\n\n\n<p>No entanto, \u00e9 comum que empresas n\u00e3o deem a devida aten\u00e7\u00e3o \u00e0\nqualidade de energia que utilizam, preocupando-se somente com seu uso. A\nqualidade est\u00e1 diretamente relacionada a desvios que ocorrem na intensidade,\nforma de onda ou frequ\u00eancia da tens\u00e3o e\/ou corrente el\u00e9trica, \u00e0s interrup\u00e7\u00f5es\npermanentes ou transit\u00f3rias que afetam o desempenho da energia el\u00e9trica.<\/p>\n\n\n\n<p>A an\u00e1lise de qualidade de energia el\u00e9trica \u00e9 fundamental em qualquer tipo de consumidor, seja ele, comercial, industrial ou residencial. <\/p>\n\n\n\n<p>Venha conhecer mais sobre os filtros capacitivos. Fale com nossos consultores pelo telefone:\u00a0<a href=\"tel:08130890606\">(81) 3089-0606<\/a>, fale pelo WhatsApp:\u00a0<a rel=\"noreferrer noopener\" href=\"https:\/\/wa.me\/5581998710126\" target=\"_blank\">(81) 99871-0126<\/a>\u00a0ou preencha o\u00a0<a rel=\"noreferrer noopener\" href=\"https:\/\/filtrocapacitivo.com.br\/contato\" target=\"_blank\">formul\u00e1rio<\/a>. <\/p>\n","protected":false},"excerpt":{"rendered":"<p>Esse tipo de an\u00e1lise engloba medi\u00e7\u00f5es de harm\u00f4nicos, de desequil\u00edbrio, de varia\u00e7\u00e3o de tens\u00e3o de curta dura\u00e7\u00e3o (VCTD) e de flutua\u00e7\u00e3o de tens\u00e3o. Ela permite caracterizar<span class=\"excerpt-hellip\"> [\u2026]<\/span><\/p>\n","protected":false},"author":1,"featured_media":1683,"comment_status":"closed","ping_status":"closed","sticky":false,"template":"","format":"standard","meta":{"footnotes":""},"categories":[1,8],"tags":[],"class_list":["post-1682","post","type-post","status-publish","format-standard","has-post-thumbnail","hentry","category-filtros-capacitivos","category-institucional"],"_links":{"self":[{"href":"https:\/\/filtrocapacitivo.com.br\/blog\/wp-json\/wp\/v2\/posts\/1682","targetHints":{"allow":["GET"]}}],"collection":[{"href":"https:\/\/filtrocapacitivo.com.br\/blog\/wp-json\/wp\/v2\/posts"}],"about":[{"href":"https:\/\/filtrocapacitivo.com.br\/blog\/wp-json\/wp\/v2\/types\/post"}],"author":[{"embeddable":true,"href":"https:\/\/filtrocapacitivo.com.br\/blog\/wp-json\/wp\/v2\/users\/1"}],"replies":[{"embeddable":true,"href":"https:\/\/filtrocapacitivo.com.br\/blog\/wp-json\/wp\/v2\/comments?post=1682"}],"version-history":[{"count":1,"href":"https:\/\/filtrocapacitivo.com.br\/blog\/wp-json\/wp\/v2\/posts\/1682\/revisions"}],"predecessor-version":[{"id":1684,"href":"https:\/\/filtrocapacitivo.com.br\/blog\/wp-json\/wp\/v2\/posts\/1682\/revisions\/1684"}],"wp:featuredmedia":[{"embeddable":true,"href":"https:\/\/filtrocapacitivo.com.br\/blog\/wp-json\/wp\/v2\/media\/1683"}],"wp:attachment":[{"href":"https:\/\/filtrocapacitivo.com.br\/blog\/wp-json\/wp\/v2\/media?parent=1682"}],"wp:term":[{"taxonomy":"category","embeddable":true,"href":"https:\/\/filtrocapacitivo.com.br\/blog\/wp-json\/wp\/v2\/categories?post=1682"},{"taxonomy":"post_tag","embeddable":true,"href":"https:\/\/filtrocapacitivo.com.br\/blog\/wp-json\/wp\/v2\/tags?post=1682"}],"curies":[{"name":"wp","href":"https:\/\/api.w.org\/{rel}","templated":true}]}}