{"id":1697,"date":"2023-04-22T11:00:44","date_gmt":"2023-04-22T14:00:44","guid":{"rendered":"https:\/\/filtrocapacitivo.com.br\/blog\/?p=1697"},"modified":"2023-05-17T19:20:40","modified_gmt":"2023-05-17T22:20:40","slug":"preservacao-plasticos-nos-oceanos","status":"publish","type":"post","link":"https:\/\/filtrocapacitivo.com.br\/blog\/preservacao-plasticos-nos-oceanos\/","title":{"rendered":"Preserva\u00e7\u00e3o: pl\u00e1sticos nos oceanos"},"content":{"rendered":"<p><span style=\"font-weight: 300;\">A polui\u00e7\u00e3o por pl\u00e1sticos nos oceanos representa uma amea\u00e7a crescente para a vida marinha e o ecossistema marinho. Milh\u00f5es de toneladas de pl\u00e1stico s\u00e3o despejadas nos oceanos todos os anos, causando danos irrepar\u00e1veis \u00e0 biodiversidade marinha e aos habitats costeiros.<\/span><\/p>\n<p><img loading=\"lazy\" decoding=\"async\" class=\"wp-image-1698 aligncenter\" src=\"https:\/\/filtrocapacitivo.com.br\/blog\/wp-content\/uploads\/2023\/05\/22.04-blog-300x300.jpg\" alt=\"\" width=\"462\" height=\"462\" srcset=\"https:\/\/filtrocapacitivo.com.br\/blog\/wp-content\/uploads\/2023\/05\/22.04-blog-300x300.jpg 300w, https:\/\/filtrocapacitivo.com.br\/blog\/wp-content\/uploads\/2023\/05\/22.04-blog-150x150.jpg 150w, https:\/\/filtrocapacitivo.com.br\/blog\/wp-content\/uploads\/2023\/05\/22.04-blog-768x768.jpg 768w, https:\/\/filtrocapacitivo.com.br\/blog\/wp-content\/uploads\/2023\/05\/22.04-blog-1024x1024.jpg 1024w, https:\/\/filtrocapacitivo.com.br\/blog\/wp-content\/uploads\/2023\/05\/22.04-blog-146x146.jpg 146w, https:\/\/filtrocapacitivo.com.br\/blog\/wp-content\/uploads\/2023\/05\/22.04-blog-50x50.jpg 50w, https:\/\/filtrocapacitivo.com.br\/blog\/wp-content\/uploads\/2023\/05\/22.04-blog-75x75.jpg 75w, https:\/\/filtrocapacitivo.com.br\/blog\/wp-content\/uploads\/2023\/05\/22.04-blog-85x85.jpg 85w, https:\/\/filtrocapacitivo.com.br\/blog\/wp-content\/uploads\/2023\/05\/22.04-blog-80x80.jpg 80w, https:\/\/filtrocapacitivo.com.br\/blog\/wp-content\/uploads\/2023\/05\/22.04-blog.jpg 1080w\" sizes=\"auto, (max-width: 462px) 100vw, 462px\" \/><\/p>\n<p><span style=\"font-weight: 300;\">Cada pequena a\u00e7\u00e3o conta: reduzir o uso de pl\u00e1sticos descart\u00e1veis, reciclar corretamente, participar de a\u00e7\u00f5es de limpeza de praias e rios, e se educar sobre os impactos dos pl\u00e1sticos nos oceanos. <\/span><span style=\"font-weight: 400;\">\ud83c\udf0a<\/span><\/p>\n<p><span style=\"font-weight: 300;\">A luta contra essa polui\u00e7\u00e3o \u00e9 di\u00e1ria para tornar o oceano mais limpo e saud\u00e1vel. No dia do planeta Terra devemos refor\u00e7ar a import\u00e2ncia de preserva\u00e7\u00e3o, seja das florestas, do ar, dos mares, do lugar em que habitamos. <\/span><span style=\"font-weight: 400;\">\ud83c\udf0d<\/span><\/p>\n<p><span style=\"font-weight: 300;\">Venha conhecer mais sobre os filtros capacitivos. Fale com nossos consultores pelo telefone:\u00a0<\/span><a href=\"tel:08130890606\"><span style=\"font-weight: 300;\">(81) 3089-0606<\/span><\/a><span style=\"font-weight: 300;\">, fale pelo WhatsApp:\u00a0<\/span><a href=\"https:\/\/wa.me\/5581998710126\"><span style=\"font-weight: 300;\">(81) 99871-0126<\/span><\/a><span style=\"font-weight: 300;\">\u00a0ou preencha o\u00a0<\/span><a href=\"https:\/\/filtrocapacitivo.com.br\/contato\"><span style=\"font-weight: 300;\">formul\u00e1rio<\/span><\/a><span style=\"font-weight: 300;\">.<\/span><\/p>\n","protected":false},"excerpt":{"rendered":"<p>A polui\u00e7\u00e3o por pl\u00e1sticos nos oceanos representa uma amea\u00e7a crescente para a vida marinha e o ecossistema marinho. Milh\u00f5es de toneladas de pl\u00e1stico s\u00e3o despejadas nos<span class=\"excerpt-hellip\"> [\u2026]<\/span><\/p>\n","protected":false},"author":1,"featured_media":1698,"comment_status":"closed","ping_status":"closed","sticky":false,"template":"","format":"standard","meta":{"footnotes":""},"categories":[1,5],"tags":[],"class_list":["post-1697","post","type-post","status-publish","format-standard","has-post-thumbnail","hentry","category-filtros-capacitivos","category-noticias"],"_links":{"self":[{"href":"https:\/\/filtrocapacitivo.com.br\/blog\/wp-json\/wp\/v2\/posts\/1697","targetHints":{"allow":["GET"]}}],"collection":[{"href":"https:\/\/filtrocapacitivo.com.br\/blog\/wp-json\/wp\/v2\/posts"}],"about":[{"href":"https:\/\/filtrocapacitivo.com.br\/blog\/wp-json\/wp\/v2\/types\/post"}],"author":[{"embeddable":true,"href":"https:\/\/filtrocapacitivo.com.br\/blog\/wp-json\/wp\/v2\/users\/1"}],"replies":[{"embeddable":true,"href":"https:\/\/filtrocapacitivo.com.br\/blog\/wp-json\/wp\/v2\/comments?post=1697"}],"version-history":[{"count":1,"href":"https:\/\/filtrocapacitivo.com.br\/blog\/wp-json\/wp\/v2\/posts\/1697\/revisions"}],"predecessor-version":[{"id":1699,"href":"https:\/\/filtrocapacitivo.com.br\/blog\/wp-json\/wp\/v2\/posts\/1697\/revisions\/1699"}],"wp:featuredmedia":[{"embeddable":true,"href":"https:\/\/filtrocapacitivo.com.br\/blog\/wp-json\/wp\/v2\/media\/1698"}],"wp:attachment":[{"href":"https:\/\/filtrocapacitivo.com.br\/blog\/wp-json\/wp\/v2\/media?parent=1697"}],"wp:term":[{"taxonomy":"category","embeddable":true,"href":"https:\/\/filtrocapacitivo.com.br\/blog\/wp-json\/wp\/v2\/categories?post=1697"},{"taxonomy":"post_tag","embeddable":true,"href":"https:\/\/filtrocapacitivo.com.br\/blog\/wp-json\/wp\/v2\/tags?post=1697"}],"curies":[{"name":"wp","href":"https:\/\/api.w.org\/{rel}","templated":true}]}}