{"id":1700,"date":"2023-04-26T11:00:08","date_gmt":"2023-04-26T14:00:08","guid":{"rendered":"https:\/\/filtrocapacitivo.com.br\/blog\/?p=1700"},"modified":"2023-05-17T22:22:05","modified_gmt":"2023-05-18T01:22:05","slug":"aumento-de-mais-de-10-na-energia-no-estado-do-ceara","status":"publish","type":"post","link":"https:\/\/filtrocapacitivo.com.br\/blog\/aumento-de-mais-de-10-na-energia-no-estado-do-ceara\/","title":{"rendered":"Aumento de mais de 10% na energia no estado do Cear\u00e1"},"content":{"rendered":"<p><span style=\"font-weight: 400;\">Revis\u00e3o tarif\u00e1ria da Enel-CE, empresa respons\u00e1vel pela distribui\u00e7\u00e3o de energia el\u00e9trica no estado do Cear\u00e1, realizada de 4 em 4 anos, foi efetuada neste ano de 2023. Ap\u00f3s a revis\u00e3o, o c\u00e1lculo das tarifas sofreu impacto devido ao aumento de custos com transporte de energia (+1,23%) e da compra de energia (+1,84%).<\/span><\/p>\n<p><img loading=\"lazy\" decoding=\"async\" class=\" wp-image-1701 aligncenter\" src=\"https:\/\/filtrocapacitivo.com.br\/blog\/wp-content\/uploads\/2023\/05\/26.04-blog-300x300.jpg\" alt=\"\" width=\"499\" height=\"499\" srcset=\"https:\/\/filtrocapacitivo.com.br\/blog\/wp-content\/uploads\/2023\/05\/26.04-blog-300x300.jpg 300w, https:\/\/filtrocapacitivo.com.br\/blog\/wp-content\/uploads\/2023\/05\/26.04-blog-150x150.jpg 150w, https:\/\/filtrocapacitivo.com.br\/blog\/wp-content\/uploads\/2023\/05\/26.04-blog-768x768.jpg 768w, https:\/\/filtrocapacitivo.com.br\/blog\/wp-content\/uploads\/2023\/05\/26.04-blog-1024x1024.jpg 1024w, https:\/\/filtrocapacitivo.com.br\/blog\/wp-content\/uploads\/2023\/05\/26.04-blog-146x146.jpg 146w, https:\/\/filtrocapacitivo.com.br\/blog\/wp-content\/uploads\/2023\/05\/26.04-blog-50x50.jpg 50w, https:\/\/filtrocapacitivo.com.br\/blog\/wp-content\/uploads\/2023\/05\/26.04-blog-75x75.jpg 75w, https:\/\/filtrocapacitivo.com.br\/blog\/wp-content\/uploads\/2023\/05\/26.04-blog-85x85.jpg 85w, https:\/\/filtrocapacitivo.com.br\/blog\/wp-content\/uploads\/2023\/05\/26.04-blog-80x80.jpg 80w, https:\/\/filtrocapacitivo.com.br\/blog\/wp-content\/uploads\/2023\/05\/26.04-blog.jpg 1080w\" sizes=\"auto, (max-width: 499px) 100vw, 499px\" \/><\/p>\n<p><span style=\"font-weight: 400;\">Assim, 3,8 milh\u00f5es de unidades consumidoras no Cear\u00e1 ser\u00e3o impactadas. O aumento chega a 11,54% na \u00e1rea rural, 4,6% na \u00e1rea residencial e 3,77% nas \u00e1reas comerciais e industriais. O aumento m\u00e9dio gira em torno de 3,06A %. A decis\u00e3o come\u00e7ou a valer desde o \u00faltimo fim de semana.<\/span><\/p>\n<p><span style=\"font-weight: 300;\">Venha conhecer mais sobre os filtros capacitivos. Fale com nossos consultores pelo telefone:\u00a0<\/span><a href=\"tel:08130890606\"><span style=\"font-weight: 300;\">(81) 3089-0606<\/span><\/a><span style=\"font-weight: 300;\">, fale pelo WhatsApp:\u00a0<\/span><a href=\"https:\/\/wa.me\/5581998710126\"><span style=\"font-weight: 300;\">(81) 99871-0126<\/span><\/a><span style=\"font-weight: 300;\">\u00a0ou preencha o\u00a0<\/span><a href=\"https:\/\/filtrocapacitivo.com.br\/contato\"><span style=\"font-weight: 300;\">formul\u00e1rio<\/span><\/a><span style=\"font-weight: 300;\">.<\/span><\/p>\n","protected":false},"excerpt":{"rendered":"<p>Revis\u00e3o tarif\u00e1ria da Enel-CE, empresa respons\u00e1vel pela distribui\u00e7\u00e3o de energia el\u00e9trica no estado do Cear\u00e1, realizada de 4 em 4 anos, foi efetuada neste ano de<span class=\"excerpt-hellip\"> [\u2026]<\/span><\/p>\n","protected":false},"author":1,"featured_media":1701,"comment_status":"closed","ping_status":"closed","sticky":false,"template":"","format":"standard","meta":{"footnotes":""},"categories":[1,5],"tags":[],"class_list":["post-1700","post","type-post","status-publish","format-standard","has-post-thumbnail","hentry","category-filtros-capacitivos","category-noticias"],"_links":{"self":[{"href":"https:\/\/filtrocapacitivo.com.br\/blog\/wp-json\/wp\/v2\/posts\/1700","targetHints":{"allow":["GET"]}}],"collection":[{"href":"https:\/\/filtrocapacitivo.com.br\/blog\/wp-json\/wp\/v2\/posts"}],"about":[{"href":"https:\/\/filtrocapacitivo.com.br\/blog\/wp-json\/wp\/v2\/types\/post"}],"author":[{"embeddable":true,"href":"https:\/\/filtrocapacitivo.com.br\/blog\/wp-json\/wp\/v2\/users\/1"}],"replies":[{"embeddable":true,"href":"https:\/\/filtrocapacitivo.com.br\/blog\/wp-json\/wp\/v2\/comments?post=1700"}],"version-history":[{"count":1,"href":"https:\/\/filtrocapacitivo.com.br\/blog\/wp-json\/wp\/v2\/posts\/1700\/revisions"}],"predecessor-version":[{"id":1702,"href":"https:\/\/filtrocapacitivo.com.br\/blog\/wp-json\/wp\/v2\/posts\/1700\/revisions\/1702"}],"wp:featuredmedia":[{"embeddable":true,"href":"https:\/\/filtrocapacitivo.com.br\/blog\/wp-json\/wp\/v2\/media\/1701"}],"wp:attachment":[{"href":"https:\/\/filtrocapacitivo.com.br\/blog\/wp-json\/wp\/v2\/media?parent=1700"}],"wp:term":[{"taxonomy":"category","embeddable":true,"href":"https:\/\/filtrocapacitivo.com.br\/blog\/wp-json\/wp\/v2\/categories?post=1700"},{"taxonomy":"post_tag","embeddable":true,"href":"https:\/\/filtrocapacitivo.com.br\/blog\/wp-json\/wp\/v2\/tags?post=1700"}],"curies":[{"name":"wp","href":"https:\/\/api.w.org\/{rel}","templated":true}]}}