{"id":1704,"date":"2023-04-28T11:00:00","date_gmt":"2023-04-28T14:00:00","guid":{"rendered":"https:\/\/filtrocapacitivo.com.br\/blog\/?p=1704"},"modified":"2023-05-17T22:22:37","modified_gmt":"2023-05-18T01:22:37","slug":"aqui-voce-fala-diretamente-com-nossa-fabrica","status":"publish","type":"post","link":"https:\/\/filtrocapacitivo.com.br\/blog\/aqui-voce-fala-diretamente-com-nossa-fabrica\/","title":{"rendered":"Aqui voc\u00ea fala diretamente com nossa f\u00e1brica"},"content":{"rendered":"<p><span style=\"font-weight: 300;\">Seja<\/span> <span style=\"font-weight: 300;\">pelo<\/span> <span style=\"font-weight: 300;\">WhatsApp, atrav\u00e9s do site<\/span> <a href=\"https:\/\/filtrocapacitivo.com.br\"><span style=\"font-weight: 300;\">filtrocapacitivo.com.br<\/span><\/a><span style=\"font-weight: 300;\"> ou em nossas demais redes: <\/span><a href=\"https:\/\/www.facebook.com\/filtrocapacitivolumilight\"><span style=\"font-weight: 300;\">Facebook<\/span><\/a><span style=\"font-weight: 400;\">, <\/span><a href=\"https:\/\/www.linkedin.com\/company\/lumilightdobrasil\"><span style=\"font-weight: 300;\">LinkedIn<\/span><\/a> <span style=\"font-weight: 300;\">ou pelo <\/span><a href=\"https:\/\/www.instagram.com\/lumilightdobrasil\/\"><span style=\"font-weight: 300;\">Instagram<\/span><\/a><span style=\"font-weight: 300;\">, voc\u00ea fala diretamente com o time da Lumilight do Brasil\u00ae, f\u00e1brica especializada em Filtros Capacitivos.<\/span><\/p>\n<p><img loading=\"lazy\" decoding=\"async\" class=\" wp-image-1705 aligncenter\" src=\"https:\/\/filtrocapacitivo.com.br\/blog\/wp-content\/uploads\/2023\/05\/28.04-blog-300x300.jpg\" alt=\"\" width=\"431\" height=\"431\" srcset=\"https:\/\/filtrocapacitivo.com.br\/blog\/wp-content\/uploads\/2023\/05\/28.04-blog-300x300.jpg 300w, https:\/\/filtrocapacitivo.com.br\/blog\/wp-content\/uploads\/2023\/05\/28.04-blog-150x150.jpg 150w, https:\/\/filtrocapacitivo.com.br\/blog\/wp-content\/uploads\/2023\/05\/28.04-blog-768x768.jpg 768w, https:\/\/filtrocapacitivo.com.br\/blog\/wp-content\/uploads\/2023\/05\/28.04-blog-1024x1024.jpg 1024w, https:\/\/filtrocapacitivo.com.br\/blog\/wp-content\/uploads\/2023\/05\/28.04-blog-146x146.jpg 146w, https:\/\/filtrocapacitivo.com.br\/blog\/wp-content\/uploads\/2023\/05\/28.04-blog-50x50.jpg 50w, https:\/\/filtrocapacitivo.com.br\/blog\/wp-content\/uploads\/2023\/05\/28.04-blog-75x75.jpg 75w, https:\/\/filtrocapacitivo.com.br\/blog\/wp-content\/uploads\/2023\/05\/28.04-blog-85x85.jpg 85w, https:\/\/filtrocapacitivo.com.br\/blog\/wp-content\/uploads\/2023\/05\/28.04-blog-80x80.jpg 80w, https:\/\/filtrocapacitivo.com.br\/blog\/wp-content\/uploads\/2023\/05\/28.04-blog.jpg 1080w\" sizes=\"auto, (max-width: 431px) 100vw, 431px\" \/><\/p>\n<p><span style=\"font-weight: 300;\">Nossos consult<\/span>ores est\u00e3o dispon\u00edveis para tirar todas suas d\u00favidas sobre nossos filtros, todos os benef\u00edcios que eles ir\u00e3o proporcionar \u00e0 rede el\u00e9trica e, claro, como ser um parceiro da Lumilight do Brasil\u00ae e conhecer todos os benef\u00edcios de fazer parte do segundo maior mercado consumidor do mundo.<\/p>\n<p><span style=\"font-weight: 300;\">Venha c<\/span>onhecer mais sobre os filtros capacitivos. Fale com nossos consultores pelo telefone:\u00a0<a href=\"tel:08130890606\">(81) 3089-0606<\/a>, fale pelo WhatsApp:\u00a0<a href=\"https:\/\/wa.me\/5581998710126\">(81) 99871-0126<\/a>\u00a0ou preencha o\u00a0<a href=\"https:\/\/filtrocapacitivo.com.br\/contato\">formul\u00e1rio<\/a>.<\/p>\n","protected":false},"excerpt":{"rendered":"<p>Seja pelo WhatsApp, atrav\u00e9s do site filtrocapacitivo.com.br ou em nossas demais redes: Facebook, LinkedIn ou pelo Instagram, voc\u00ea fala diretamente com o time da Lumilight do<span class=\"excerpt-hellip\"> [\u2026]<\/span><\/p>\n","protected":false},"author":1,"featured_media":1705,"comment_status":"closed","ping_status":"closed","sticky":false,"template":"","format":"standard","meta":{"footnotes":""},"categories":[1,8],"tags":[],"class_list":["post-1704","post","type-post","status-publish","format-standard","has-post-thumbnail","hentry","category-filtros-capacitivos","category-institucional"],"_links":{"self":[{"href":"https:\/\/filtrocapacitivo.com.br\/blog\/wp-json\/wp\/v2\/posts\/1704","targetHints":{"allow":["GET"]}}],"collection":[{"href":"https:\/\/filtrocapacitivo.com.br\/blog\/wp-json\/wp\/v2\/posts"}],"about":[{"href":"https:\/\/filtrocapacitivo.com.br\/blog\/wp-json\/wp\/v2\/types\/post"}],"author":[{"embeddable":true,"href":"https:\/\/filtrocapacitivo.com.br\/blog\/wp-json\/wp\/v2\/users\/1"}],"replies":[{"embeddable":true,"href":"https:\/\/filtrocapacitivo.com.br\/blog\/wp-json\/wp\/v2\/comments?post=1704"}],"version-history":[{"count":2,"href":"https:\/\/filtrocapacitivo.com.br\/blog\/wp-json\/wp\/v2\/posts\/1704\/revisions"}],"predecessor-version":[{"id":1719,"href":"https:\/\/filtrocapacitivo.com.br\/blog\/wp-json\/wp\/v2\/posts\/1704\/revisions\/1719"}],"wp:featuredmedia":[{"embeddable":true,"href":"https:\/\/filtrocapacitivo.com.br\/blog\/wp-json\/wp\/v2\/media\/1705"}],"wp:attachment":[{"href":"https:\/\/filtrocapacitivo.com.br\/blog\/wp-json\/wp\/v2\/media?parent=1704"}],"wp:term":[{"taxonomy":"category","embeddable":true,"href":"https:\/\/filtrocapacitivo.com.br\/blog\/wp-json\/wp\/v2\/categories?post=1704"},{"taxonomy":"post_tag","embeddable":true,"href":"https:\/\/filtrocapacitivo.com.br\/blog\/wp-json\/wp\/v2\/tags?post=1704"}],"curies":[{"name":"wp","href":"https:\/\/api.w.org\/{rel}","templated":true}]}}