{"id":1720,"date":"2023-05-19T11:00:36","date_gmt":"2023-05-19T14:00:36","guid":{"rendered":"https:\/\/filtrocapacitivo.com.br\/blog\/?p=1720"},"modified":"2023-06-01T22:52:08","modified_gmt":"2023-06-02T01:52:08","slug":"consumidores-de-energia-eletrica-ja-acumulam-70-de-aumento-de-energia-em-8-anos","status":"publish","type":"post","link":"https:\/\/filtrocapacitivo.com.br\/blog\/consumidores-de-energia-eletrica-ja-acumulam-70-de-aumento-de-energia-em-8-anos\/","title":{"rendered":"Consumidores de energia el\u00e9trica j\u00e1 acumulam 70% de aumento de energia em 8 anos"},"content":{"rendered":"<p><span style=\"font-weight: 300;\">O resultado do levantamento realizado pela Associa\u00e7\u00e3o Brasileira dos Comercializadores de Energia (Abraceel) mostrou que a redu\u00e7\u00e3o da carga tribut\u00e1ria sobre a energia el\u00e9trica em 2022 proporcionou um al\u00edvio pontual para os consumidores. Por\u00e9m, nos \u00faltimos oito anos, as tarifas el\u00e9tricas das resid\u00eancias aumentaram em 70%, mais do que o \u00cdndice Nacional de Pre\u00e7os ao Consumidor Amplo (IPCA) e o mercado livre de energia. Apesar das redu\u00e7\u00f5es ocorridas, esse aumento ainda est\u00e1 bem acima da infla\u00e7\u00e3o no mesmo per\u00edodo, que foi de 58%.<\/span><\/p>\n<p><img loading=\"lazy\" decoding=\"async\" class=\" wp-image-1722 aligncenter\" src=\"https:\/\/filtrocapacitivo.com.br\/blog\/wp-content\/uploads\/2023\/06\/17.05-blog-1-300x300.jpg\" alt=\"\" width=\"493\" height=\"493\" srcset=\"https:\/\/filtrocapacitivo.com.br\/blog\/wp-content\/uploads\/2023\/06\/17.05-blog-1-300x300.jpg 300w, https:\/\/filtrocapacitivo.com.br\/blog\/wp-content\/uploads\/2023\/06\/17.05-blog-1-150x150.jpg 150w, https:\/\/filtrocapacitivo.com.br\/blog\/wp-content\/uploads\/2023\/06\/17.05-blog-1-768x768.jpg 768w, https:\/\/filtrocapacitivo.com.br\/blog\/wp-content\/uploads\/2023\/06\/17.05-blog-1-1024x1024.jpg 1024w, https:\/\/filtrocapacitivo.com.br\/blog\/wp-content\/uploads\/2023\/06\/17.05-blog-1-146x146.jpg 146w, https:\/\/filtrocapacitivo.com.br\/blog\/wp-content\/uploads\/2023\/06\/17.05-blog-1-50x50.jpg 50w, https:\/\/filtrocapacitivo.com.br\/blog\/wp-content\/uploads\/2023\/06\/17.05-blog-1-75x75.jpg 75w, https:\/\/filtrocapacitivo.com.br\/blog\/wp-content\/uploads\/2023\/06\/17.05-blog-1-85x85.jpg 85w, https:\/\/filtrocapacitivo.com.br\/blog\/wp-content\/uploads\/2023\/06\/17.05-blog-1-80x80.jpg 80w, https:\/\/filtrocapacitivo.com.br\/blog\/wp-content\/uploads\/2023\/06\/17.05-blog-1.jpg 1080w\" sizes=\"auto, (max-width: 493px) 100vw, 493px\" \/><\/p>\n<p><span style=\"font-weight: 300;\">Em 2022, a tarifa residencial caiu em m\u00e9dia 20%, mas esse decl\u00ednio foi resultado da diminui\u00e7\u00e3o da carga tribut\u00e1ria, da melhoria do cen\u00e1rio hidrol\u00f3gico e da redu\u00e7\u00e3o dos pre\u00e7os no mercado livre de energia. A Abraceel enfatizou a necessidade de uma mudan\u00e7a estrutural no modelo comercial do setor el\u00e9trico.<\/span><\/p>\n<p><span style=\"font-weight: 300;\">\u00c9 importante repensar nossos h\u00e1bitos de consumo de energia el\u00e9trica e buscar alternativas para economizar. Uma op\u00e7\u00e3o \u00e9 a instala\u00e7\u00e3o de filtros capacitivos na rede el\u00e9trica; tamb\u00e9m podemos adotar medidas simples, como desligar aparelhos eletr\u00f4nicos quando n\u00e3o estiverem em uso.<\/span><\/p>\n<p><span style=\"font-weight: 300;\">Cuidar da nossa conta de luz e do meio ambiente \u00e9 responsabilidade de todos n\u00f3s. <\/span><span style=\"font-weight: 400;\">\ud83d\udca1\ud83c\udf31<\/span><\/p>\n<p><span style=\"font-weight: 300;\">Venha conhecer mais sobre os filtros capacitivos. Fale com nossos consultores pelo telefone:\u00a0<\/span><a href=\"tel:08130890606\"><span style=\"font-weight: 300;\">(81) 3089-0606<\/span><\/a><span style=\"font-weight: 300;\">, fale pelo WhatsApp:\u00a0<\/span><a href=\"https:\/\/wa.me\/5581998710126\"><span style=\"font-weight: 300;\">(81) 99871-0126<\/span><\/a><span style=\"font-weight: 300;\">\u00a0ou preencha o\u00a0<\/span><a href=\"https:\/\/filtrocapacitivo.com.br\/contato\"><span style=\"font-weight: 300;\">formul\u00e1rio<\/span><\/a><span style=\"font-weight: 300;\">.<\/span><\/p>\n","protected":false},"excerpt":{"rendered":"<p>O resultado do levantamento realizado pela Associa\u00e7\u00e3o Brasileira dos Comercializadores de Energia (Abraceel) mostrou que a redu\u00e7\u00e3o da carga tribut\u00e1ria sobre a energia el\u00e9trica em 2022<span class=\"excerpt-hellip\"> [\u2026]<\/span><\/p>\n","protected":false},"author":1,"featured_media":1722,"comment_status":"closed","ping_status":"closed","sticky":false,"template":"","format":"standard","meta":{"footnotes":""},"categories":[1,5],"tags":[],"class_list":["post-1720","post","type-post","status-publish","format-standard","has-post-thumbnail","hentry","category-filtros-capacitivos","category-noticias"],"_links":{"self":[{"href":"https:\/\/filtrocapacitivo.com.br\/blog\/wp-json\/wp\/v2\/posts\/1720","targetHints":{"allow":["GET"]}}],"collection":[{"href":"https:\/\/filtrocapacitivo.com.br\/blog\/wp-json\/wp\/v2\/posts"}],"about":[{"href":"https:\/\/filtrocapacitivo.com.br\/blog\/wp-json\/wp\/v2\/types\/post"}],"author":[{"embeddable":true,"href":"https:\/\/filtrocapacitivo.com.br\/blog\/wp-json\/wp\/v2\/users\/1"}],"replies":[{"embeddable":true,"href":"https:\/\/filtrocapacitivo.com.br\/blog\/wp-json\/wp\/v2\/comments?post=1720"}],"version-history":[{"count":1,"href":"https:\/\/filtrocapacitivo.com.br\/blog\/wp-json\/wp\/v2\/posts\/1720\/revisions"}],"predecessor-version":[{"id":1723,"href":"https:\/\/filtrocapacitivo.com.br\/blog\/wp-json\/wp\/v2\/posts\/1720\/revisions\/1723"}],"wp:featuredmedia":[{"embeddable":true,"href":"https:\/\/filtrocapacitivo.com.br\/blog\/wp-json\/wp\/v2\/media\/1722"}],"wp:attachment":[{"href":"https:\/\/filtrocapacitivo.com.br\/blog\/wp-json\/wp\/v2\/media?parent=1720"}],"wp:term":[{"taxonomy":"category","embeddable":true,"href":"https:\/\/filtrocapacitivo.com.br\/blog\/wp-json\/wp\/v2\/categories?post=1720"},{"taxonomy":"post_tag","embeddable":true,"href":"https:\/\/filtrocapacitivo.com.br\/blog\/wp-json\/wp\/v2\/tags?post=1720"}],"curies":[{"name":"wp","href":"https:\/\/api.w.org\/{rel}","templated":true}]}}