{"id":1922,"date":"2023-06-02T11:00:15","date_gmt":"2023-06-02T14:00:15","guid":{"rendered":"https:\/\/filtrocapacitivo.com.br\/blog\/?p=1922"},"modified":"2023-06-26T13:17:56","modified_gmt":"2023-06-26T16:17:56","slug":"filtros-capacitivos-reduzem-as-emissoes-de-co%e2%82%82","status":"publish","type":"post","link":"https:\/\/filtrocapacitivo.com.br\/blog\/filtros-capacitivos-reduzem-as-emissoes-de-co%e2%82%82\/","title":{"rendered":"Filtros Capacitivos reduzem as emiss\u00f5es de CO\u2082"},"content":{"rendered":"<p><span style=\"font-weight: 300;\">Os filtros t\u00eam a capacidade de melhorar o fator de pot\u00eancia de um sistema el\u00e9trico, esse fator de pot\u00eancia \u00e9 uma medida da efici\u00eancia com que a energia el\u00e9trica \u00e9 utilizada. Ao corrigir o fator de pot\u00eancia, os Filtros Capacitivos reduzem a quantidade de energia reativa necess\u00e1ria, minimizando as perdas e melhorando a efici\u00eancia geral do sistema el\u00e9trico. Isso resulta em um consumo mais eficiente de energia, reduzindo a demanda total de eletricidade e, consequentemente, as emiss\u00f5es de CO\u2082 associadas \u00e0 gera\u00e7\u00e3o de energia el\u00e9trica. <\/span><span style=\"font-weight: 400;\">\ud83d\udca1<\/span><span style=\"font-weight: 300;\"> Ao reduzir drasticamente o desperd\u00edcio de energia, menos carv\u00e3o \u00e9 necess\u00e1rio ser eliminado em usinas.<\/span><\/p>\n<p>&nbsp;<\/p>\n<p><img loading=\"lazy\" decoding=\"async\" class=\" wp-image-1923 aligncenter\" src=\"https:\/\/filtrocapacitivo.com.br\/blog\/wp-content\/uploads\/2023\/06\/02.06-blog-300x300.jpg\" alt=\"\" width=\"404\" height=\"404\" srcset=\"https:\/\/filtrocapacitivo.com.br\/blog\/wp-content\/uploads\/2023\/06\/02.06-blog-300x300.jpg 300w, https:\/\/filtrocapacitivo.com.br\/blog\/wp-content\/uploads\/2023\/06\/02.06-blog-150x150.jpg 150w, https:\/\/filtrocapacitivo.com.br\/blog\/wp-content\/uploads\/2023\/06\/02.06-blog-768x768.jpg 768w, https:\/\/filtrocapacitivo.com.br\/blog\/wp-content\/uploads\/2023\/06\/02.06-blog-1024x1024.jpg 1024w, https:\/\/filtrocapacitivo.com.br\/blog\/wp-content\/uploads\/2023\/06\/02.06-blog-500x500.jpg 500w, https:\/\/filtrocapacitivo.com.br\/blog\/wp-content\/uploads\/2023\/06\/02.06-blog-400x400.jpg 400w, https:\/\/filtrocapacitivo.com.br\/blog\/wp-content\/uploads\/2023\/06\/02.06-blog-146x146.jpg 146w, https:\/\/filtrocapacitivo.com.br\/blog\/wp-content\/uploads\/2023\/06\/02.06-blog-50x50.jpg 50w, https:\/\/filtrocapacitivo.com.br\/blog\/wp-content\/uploads\/2023\/06\/02.06-blog-75x75.jpg 75w, https:\/\/filtrocapacitivo.com.br\/blog\/wp-content\/uploads\/2023\/06\/02.06-blog-85x85.jpg 85w, https:\/\/filtrocapacitivo.com.br\/blog\/wp-content\/uploads\/2023\/06\/02.06-blog-80x80.jpg 80w, https:\/\/filtrocapacitivo.com.br\/blog\/wp-content\/uploads\/2023\/06\/02.06-blog.jpg 1080w\" sizes=\"auto, (max-width: 404px) 100vw, 404px\" \/><\/p>\n<p>&nbsp;<\/p>\n<p><span style=\"font-weight: 300;\">Como tamb\u00e9m, podem ajudar a reduzir as correntes harm\u00f4nicas presentes nos sistemas el\u00e9tricos. Ao filtrar essas correntes indesejadas, os Filtros Capacitivos minimizam as perdas energ\u00e9ticas, melhoram a qualidade da energia el\u00e9trica e reduzem a necessidade de gera\u00e7\u00e3o adicional de eletricidade, o que tamb\u00e9m contribui para a redu\u00e7\u00e3o das emiss\u00f5es de CO\u2082. <\/span><span style=\"font-weight: 400;\">\ud83c\udf0d<\/span><\/p>\n<p>&nbsp;<\/p>\n<p><span style=\"font-weight: 300;\">Venha conhecer mais sobre os filtros capacitivos. Fale com nossos consultores pelo telefone:\u00a0<\/span><a href=\"tel:08130890606\"><span style=\"font-weight: 300;\">(81) 3089-0606<\/span><\/a><span style=\"font-weight: 300;\">, fale pelo WhatsApp:\u00a0<\/span><a href=\"https:\/\/wa.me\/5581998710126\"><span style=\"font-weight: 300;\">(81) 99871-0126<\/span><\/a><span style=\"font-weight: 300;\">\u00a0ou preencha o\u00a0<\/span><a href=\"https:\/\/filtrocapacitivo.com.br\/contato\"><span style=\"font-weight: 300;\">formul\u00e1rio<\/span><\/a><span style=\"font-weight: 300;\">.<\/span><\/p>\n","protected":false},"excerpt":{"rendered":"<p>Os filtros t\u00eam a capacidade de melhorar o fator de pot\u00eancia de um sistema el\u00e9trico, esse fator de pot\u00eancia \u00e9 uma medida da efici\u00eancia com que<span class=\"excerpt-hellip\"> [\u2026]<\/span><\/p>\n","protected":false},"author":1,"featured_media":1923,"comment_status":"closed","ping_status":"closed","sticky":false,"template":"","format":"standard","meta":{"footnotes":""},"categories":[1],"tags":[],"class_list":["post-1922","post","type-post","status-publish","format-standard","has-post-thumbnail","hentry","category-filtros-capacitivos"],"_links":{"self":[{"href":"https:\/\/filtrocapacitivo.com.br\/blog\/wp-json\/wp\/v2\/posts\/1922","targetHints":{"allow":["GET"]}}],"collection":[{"href":"https:\/\/filtrocapacitivo.com.br\/blog\/wp-json\/wp\/v2\/posts"}],"about":[{"href":"https:\/\/filtrocapacitivo.com.br\/blog\/wp-json\/wp\/v2\/types\/post"}],"author":[{"embeddable":true,"href":"https:\/\/filtrocapacitivo.com.br\/blog\/wp-json\/wp\/v2\/users\/1"}],"replies":[{"embeddable":true,"href":"https:\/\/filtrocapacitivo.com.br\/blog\/wp-json\/wp\/v2\/comments?post=1922"}],"version-history":[{"count":2,"href":"https:\/\/filtrocapacitivo.com.br\/blog\/wp-json\/wp\/v2\/posts\/1922\/revisions"}],"predecessor-version":[{"id":1926,"href":"https:\/\/filtrocapacitivo.com.br\/blog\/wp-json\/wp\/v2\/posts\/1922\/revisions\/1926"}],"wp:featuredmedia":[{"embeddable":true,"href":"https:\/\/filtrocapacitivo.com.br\/blog\/wp-json\/wp\/v2\/media\/1923"}],"wp:attachment":[{"href":"https:\/\/filtrocapacitivo.com.br\/blog\/wp-json\/wp\/v2\/media?parent=1922"}],"wp:term":[{"taxonomy":"category","embeddable":true,"href":"https:\/\/filtrocapacitivo.com.br\/blog\/wp-json\/wp\/v2\/categories?post=1922"},{"taxonomy":"post_tag","embeddable":true,"href":"https:\/\/filtrocapacitivo.com.br\/blog\/wp-json\/wp\/v2\/tags?post=1922"}],"curies":[{"name":"wp","href":"https:\/\/api.w.org\/{rel}","templated":true}]}}