{"id":1927,"date":"2023-06-07T11:00:12","date_gmt":"2023-06-07T14:00:12","guid":{"rendered":"https:\/\/filtrocapacitivo.com.br\/blog\/?p=1927"},"modified":"2023-06-26T13:18:52","modified_gmt":"2023-06-26T16:18:52","slug":"filtros-capacitivos-prevencao-de-incendios","status":"publish","type":"post","link":"https:\/\/filtrocapacitivo.com.br\/blog\/filtros-capacitivos-prevencao-de-incendios\/","title":{"rendered":"Filtros Capacitivos: preven\u00e7\u00e3o de inc\u00eandios"},"content":{"rendered":"<p><span style=\"font-weight: 300;\">Os filtros capacitivos s\u00e3o essenciais para proteger a rede el\u00e9trica contra distor\u00e7\u00f5es harm\u00f4nicas, que s\u00e3o varia\u00e7\u00f5es indesej\u00e1veis na forma de onda el\u00e9trica. Essas distor\u00e7\u00f5es podem causar problemas significativos nos equipamentos el\u00e9tricos. No caso do inc\u00eandio em um transformador de energia que deixou um hospital sem eletricidade, a import\u00e2ncia dos filtros na preven\u00e7\u00e3o desses problemas \u00e9 destacada.<\/span><\/p>\n<p><img loading=\"lazy\" decoding=\"async\" class=\" wp-image-1928 aligncenter\" src=\"https:\/\/filtrocapacitivo.com.br\/blog\/wp-content\/uploads\/2023\/06\/07.06-blog-300x300.jpg\" alt=\"\" width=\"368\" height=\"368\" srcset=\"https:\/\/filtrocapacitivo.com.br\/blog\/wp-content\/uploads\/2023\/06\/07.06-blog-300x300.jpg 300w, https:\/\/filtrocapacitivo.com.br\/blog\/wp-content\/uploads\/2023\/06\/07.06-blog-150x150.jpg 150w, https:\/\/filtrocapacitivo.com.br\/blog\/wp-content\/uploads\/2023\/06\/07.06-blog-768x768.jpg 768w, https:\/\/filtrocapacitivo.com.br\/blog\/wp-content\/uploads\/2023\/06\/07.06-blog-1024x1024.jpg 1024w, https:\/\/filtrocapacitivo.com.br\/blog\/wp-content\/uploads\/2023\/06\/07.06-blog-500x500.jpg 500w, https:\/\/filtrocapacitivo.com.br\/blog\/wp-content\/uploads\/2023\/06\/07.06-blog-400x400.jpg 400w, https:\/\/filtrocapacitivo.com.br\/blog\/wp-content\/uploads\/2023\/06\/07.06-blog-146x146.jpg 146w, https:\/\/filtrocapacitivo.com.br\/blog\/wp-content\/uploads\/2023\/06\/07.06-blog-50x50.jpg 50w, https:\/\/filtrocapacitivo.com.br\/blog\/wp-content\/uploads\/2023\/06\/07.06-blog-75x75.jpg 75w, https:\/\/filtrocapacitivo.com.br\/blog\/wp-content\/uploads\/2023\/06\/07.06-blog-85x85.jpg 85w, https:\/\/filtrocapacitivo.com.br\/blog\/wp-content\/uploads\/2023\/06\/07.06-blog-80x80.jpg 80w, https:\/\/filtrocapacitivo.com.br\/blog\/wp-content\/uploads\/2023\/06\/07.06-blog.jpg 1080w\" sizes=\"auto, (max-width: 368px) 100vw, 368px\" \/><\/p>\n<p>&nbsp;<\/p>\n<p><span style=\"font-weight: 300;\">As distor\u00e7\u00f5es harm\u00f4nicas s\u00e3o geradas principalmente por equipamentos eletr\u00f4nicos n\u00e3o lineares, como computadores e sistemas de ilumina\u00e7\u00e3o. Essas distor\u00e7\u00f5es podem causar interfer\u00eancias, superaquecimento de componentes e at\u00e9 falhas graves no sistema.<\/span><\/p>\n<p><span style=\"font-weight: 300;\">Para garantir a estabilidade e confiabilidade da rede el\u00e9trica, especialmente em ambientes sens\u00edveis como hospitais, \u00e9 fundamental instalar filtros capacitivos adequados. Eles ajudam a manter a qualidade da energia el\u00e9trica, minimizando os riscos de distor\u00e7\u00f5es harm\u00f4nicas e seus efeitos prejudiciais nos equipamentos e sistemas conectados \u00e0 rede el\u00e9trica.<\/span><\/p>\n<p><span style=\"font-weight: 300;\">Venha conhecer mais sobre os filtros capacitivos. Fale com nossos consultores pelo telefone:\u00a0<\/span><a href=\"tel:08130890606\"><span style=\"font-weight: 300;\">(81) 3089-0606<\/span><\/a><span style=\"font-weight: 300;\">, fale pelo WhatsApp:\u00a0<\/span><a href=\"https:\/\/wa.me\/5581998710126\"><span style=\"font-weight: 300;\">(81) 99871-0126<\/span><\/a><span style=\"font-weight: 300;\">\u00a0ou preencha o\u00a0<\/span><a href=\"https:\/\/filtrocapacitivo.com.br\/contato\"><span style=\"font-weight: 300;\">formul\u00e1rio<\/span><\/a><span style=\"font-weight: 300;\">.<\/span><\/p>\n<p>&nbsp;<\/p>\n","protected":false},"excerpt":{"rendered":"<p>Os filtros capacitivos s\u00e3o essenciais para proteger a rede el\u00e9trica contra distor\u00e7\u00f5es harm\u00f4nicas, que s\u00e3o varia\u00e7\u00f5es indesej\u00e1veis na forma de onda el\u00e9trica. Essas distor\u00e7\u00f5es podem causar<span class=\"excerpt-hellip\"> [\u2026]<\/span><\/p>\n","protected":false},"author":1,"featured_media":1928,"comment_status":"closed","ping_status":"closed","sticky":false,"template":"","format":"standard","meta":{"footnotes":""},"categories":[1],"tags":[],"class_list":["post-1927","post","type-post","status-publish","format-standard","has-post-thumbnail","hentry","category-filtros-capacitivos"],"_links":{"self":[{"href":"https:\/\/filtrocapacitivo.com.br\/blog\/wp-json\/wp\/v2\/posts\/1927","targetHints":{"allow":["GET"]}}],"collection":[{"href":"https:\/\/filtrocapacitivo.com.br\/blog\/wp-json\/wp\/v2\/posts"}],"about":[{"href":"https:\/\/filtrocapacitivo.com.br\/blog\/wp-json\/wp\/v2\/types\/post"}],"author":[{"embeddable":true,"href":"https:\/\/filtrocapacitivo.com.br\/blog\/wp-json\/wp\/v2\/users\/1"}],"replies":[{"embeddable":true,"href":"https:\/\/filtrocapacitivo.com.br\/blog\/wp-json\/wp\/v2\/comments?post=1927"}],"version-history":[{"count":3,"href":"https:\/\/filtrocapacitivo.com.br\/blog\/wp-json\/wp\/v2\/posts\/1927\/revisions"}],"predecessor-version":[{"id":1931,"href":"https:\/\/filtrocapacitivo.com.br\/blog\/wp-json\/wp\/v2\/posts\/1927\/revisions\/1931"}],"wp:featuredmedia":[{"embeddable":true,"href":"https:\/\/filtrocapacitivo.com.br\/blog\/wp-json\/wp\/v2\/media\/1928"}],"wp:attachment":[{"href":"https:\/\/filtrocapacitivo.com.br\/blog\/wp-json\/wp\/v2\/media?parent=1927"}],"wp:term":[{"taxonomy":"category","embeddable":true,"href":"https:\/\/filtrocapacitivo.com.br\/blog\/wp-json\/wp\/v2\/categories?post=1927"},{"taxonomy":"post_tag","embeddable":true,"href":"https:\/\/filtrocapacitivo.com.br\/blog\/wp-json\/wp\/v2\/tags?post=1927"}],"curies":[{"name":"wp","href":"https:\/\/api.w.org\/{rel}","templated":true}]}}