{"id":197,"date":"2015-05-28T05:05:55","date_gmt":"2015-05-28T05:05:55","guid":{"rendered":"http:\/\/filtrocapacitivo.com.br\/blog\/?p=197"},"modified":"2015-06-09T05:07:59","modified_gmt":"2015-06-09T05:07:59","slug":"sustentabilidade-e-inovacao-lumilight-cria-filtros-capacitivos-que-reduzem-o-consumo-de-kwh","status":"publish","type":"post","link":"https:\/\/filtrocapacitivo.com.br\/blog\/sustentabilidade-e-inovacao-lumilight-cria-filtros-capacitivos-que-reduzem-o-consumo-de-kwh\/","title":{"rendered":"Sustentabilidade e inova\u00e7\u00e3o: Lumilight cria filtros capacitivos que reduzem o consumo de kW\/h"},"content":{"rendered":"<p>Segue mais uma publica\u00e7\u00e3o na revista Metro Quadrado \u2013 ed. n\u00ba 18\/2014, divulgando um texto informando ao cliente a import\u00e2ncia do nosso Filtro Capacitivo Inteligente Lumilight do Brasil em rela\u00e7\u00e3o a sustentabilidade, na prote\u00e7\u00e3o dos equipamentos instalados em uma rede el\u00e9trica e dai temos como consequ\u00eancia uma redu\u00e7\u00e3o no valor da quantidade de Quilowatts hora registrado pela concession\u00e1ria atrav\u00e9s de uma elimina\u00e7\u00e3o de desperd\u00edcios. A entrevista foi realizada pela rep\u00f3rter Patricia Magalh\u00e3es, que buscou reter e publicar informa\u00e7\u00f5es sobre aplicabilidade, clientes satisfeitos e um pouco da historia que originou esta tecnologia \u00fanica e exclusiva.<br \/>\nGostar\u00edamos de dar os parab\u00e9ns aos nossos Distribuidores da Bahia, Senhor Rafael Menezes e ao Senhor Ricardo Menezes, por esta iniciativa de buscar formas de adquirir novos clientes, despertar o interesse das pessoas em conhecer nossa tecnologia e abrir os olhos dos consumidores na qualidade do fornecimento da energia el\u00e9trica.<\/p>\n<p>A Ind\u00fastria Lumilight do Brasil tem o reconhecimento pelo trabalho, dedica\u00e7\u00e3o e parceria que os Senhores Rafael e Ricardo Menezes t\u00eam realizado.<\/p>\n\n\t\t\t<style type='text\/css'>\n\t\t\t\t#gallery-1 {\n\t\t\t\t\tmargin: auto;\n\t\t\t\t}\n\t\t\t\t#gallery-1 .gallery-item {\n\t\t\t\t\tfloat: left;\n\t\t\t\t\tmargin-top: 10px;\n\t\t\t\t\ttext-align: center;\n\t\t\t\t\twidth: 33.33%;\n\t\t\t\t}\n\t\t\t\t#gallery-1 img {\n\t\t\t\t\tborder: 2px solid #cfcfcf;\n\t\t\t\t}\n\t\t\t\t#gallery-1 .gallery-caption {\n\t\t\t\t\tmargin-left: 0;\n\t\t\t\t}\n\t\t\t\t\/* see gallery_shortcode() in wp-includes\/media.php *\/\n\t\t\t<\/style>\n\t\t<div id='gallery-1' class='gallery galleryid-197 gallery-columns-3 gallery-size-thumbnail file'><dl class='gallery-item'>\n\t\t\t\t<dt class='gallery-icon portrait'>\n\t\t\t\t\t<a title=\"Sem T\u00edtulo-1\" href='https:\/\/filtrocapacitivo.com.br\/blog\/wp-content\/uploads\/2015\/06\/Sem-T\u00edtulo-1.jpg'><img loading=\"lazy\" decoding=\"async\" width=\"150\" height=\"150\" src=\"https:\/\/filtrocapacitivo.com.br\/blog\/wp-content\/uploads\/2015\/06\/Sem-T\u00edtulo-1-150x150.jpg\" class=\"attachment-thumbnail size-thumbnail\" alt=\"\" \/><\/a>\n\t\t\t\t<\/dt><\/dl><dl class='gallery-item'>\n\t\t\t\t<dt class='gallery-icon portrait'>\n\t\t\t\t\t<a title=\"Sem T\u00edtulo-2\" href='https:\/\/filtrocapacitivo.com.br\/blog\/wp-content\/uploads\/2015\/06\/Sem-T\u00edtulo-2.jpg'><img loading=\"lazy\" decoding=\"async\" width=\"150\" height=\"150\" src=\"https:\/\/filtrocapacitivo.com.br\/blog\/wp-content\/uploads\/2015\/06\/Sem-T\u00edtulo-2-150x150.jpg\" class=\"attachment-thumbnail size-thumbnail\" alt=\"\" \/><\/a>\n\t\t\t\t<\/dt><\/dl><dl class='gallery-item'>\n\t\t\t\t<dt class='gallery-icon portrait'>\n\t\t\t\t\t<a title=\"Sem T\u00edtulo-3\" href='https:\/\/filtrocapacitivo.com.br\/blog\/wp-content\/uploads\/2015\/06\/Sem-T\u00edtulo-3.jpg'><img loading=\"lazy\" decoding=\"async\" width=\"150\" height=\"150\" src=\"https:\/\/filtrocapacitivo.com.br\/blog\/wp-content\/uploads\/2015\/06\/Sem-T\u00edtulo-3-150x150.jpg\" class=\"attachment-thumbnail size-thumbnail\" alt=\"\" \/><\/a>\n\t\t\t\t<\/dt><\/dl><br style=\"clear: both\" \/>\n\t\t\t<\/div>\n\n","protected":false},"excerpt":{"rendered":"<p>Segue mais uma publica\u00e7\u00e3o na revista Metro Quadrado \u2013 ed. n\u00ba 18\/2014, divulgando um texto informando ao cliente a import\u00e2ncia do nosso Filtro Capacitivo Inteligente Lumilight<span class=\"excerpt-hellip\"> [\u2026]<\/span><\/p>\n","protected":false},"author":1,"featured_media":0,"comment_status":"open","ping_status":"open","sticky":false,"template":"","format":"standard","meta":{"footnotes":""},"categories":[5],"tags":[],"class_list":["post-197","post","type-post","status-publish","format-standard","hentry","category-noticias"],"_links":{"self":[{"href":"https:\/\/filtrocapacitivo.com.br\/blog\/wp-json\/wp\/v2\/posts\/197","targetHints":{"allow":["GET"]}}],"collection":[{"href":"https:\/\/filtrocapacitivo.com.br\/blog\/wp-json\/wp\/v2\/posts"}],"about":[{"href":"https:\/\/filtrocapacitivo.com.br\/blog\/wp-json\/wp\/v2\/types\/post"}],"author":[{"embeddable":true,"href":"https:\/\/filtrocapacitivo.com.br\/blog\/wp-json\/wp\/v2\/users\/1"}],"replies":[{"embeddable":true,"href":"https:\/\/filtrocapacitivo.com.br\/blog\/wp-json\/wp\/v2\/comments?post=197"}],"version-history":[{"count":3,"href":"https:\/\/filtrocapacitivo.com.br\/blog\/wp-json\/wp\/v2\/posts\/197\/revisions"}],"predecessor-version":[{"id":202,"href":"https:\/\/filtrocapacitivo.com.br\/blog\/wp-json\/wp\/v2\/posts\/197\/revisions\/202"}],"wp:attachment":[{"href":"https:\/\/filtrocapacitivo.com.br\/blog\/wp-json\/wp\/v2\/media?parent=197"}],"wp:term":[{"taxonomy":"category","embeddable":true,"href":"https:\/\/filtrocapacitivo.com.br\/blog\/wp-json\/wp\/v2\/categories?post=197"},{"taxonomy":"post_tag","embeddable":true,"href":"https:\/\/filtrocapacitivo.com.br\/blog\/wp-json\/wp\/v2\/tags?post=197"}],"curies":[{"name":"wp","href":"https:\/\/api.w.org\/{rel}","templated":true}]}}