{"id":1971,"date":"2023-05-08T11:00:38","date_gmt":"2023-05-08T14:00:38","guid":{"rendered":"https:\/\/filtrocapacitivo.com.br\/blog\/?p=1971"},"modified":"2023-07-09T22:53:41","modified_gmt":"2023-07-10T01:53:41","slug":"apagao-deixa-cidades-do-para-sem-energia-por-mais-de-12-horas-2","status":"publish","type":"post","link":"https:\/\/filtrocapacitivo.com.br\/blog\/apagao-deixa-cidades-do-para-sem-energia-por-mais-de-12-horas-2\/","title":{"rendered":"Apag\u00e3o deixa cidades do Par\u00e1 sem energia por mais de 12 horas"},"content":{"rendered":"<p><span style=\"font-weight: 300;\">A falta de energia el\u00e9trica afetou a rotina de milhares de pessoas e trouxe consequ\u00eancias para a regi\u00e3o. A interrup\u00e7\u00e3o no fornecimento de energia durou algumas horas, causando transtornos em resid\u00eancias, estabelecimentos comerciais e servi\u00e7os p\u00fablicos. Embora a causa do apag\u00e3o n\u00e3o tenha sido mencionada, \u00e9 importante destacar que o uso de filtros capacitivos pode desempenhar um papel essencial.<\/span><\/p>\n<p>&nbsp;<\/p>\n<p><img loading=\"lazy\" decoding=\"async\" class=\" wp-image-1966 aligncenter\" src=\"https:\/\/filtrocapacitivo.com.br\/blog\/wp-content\/uploads\/2023\/07\/28.06-blog-300x300.jpg\" alt=\"\" width=\"419\" height=\"419\" srcset=\"https:\/\/filtrocapacitivo.com.br\/blog\/wp-content\/uploads\/2023\/07\/28.06-blog-300x300.jpg 300w, https:\/\/filtrocapacitivo.com.br\/blog\/wp-content\/uploads\/2023\/07\/28.06-blog-150x150.jpg 150w, https:\/\/filtrocapacitivo.com.br\/blog\/wp-content\/uploads\/2023\/07\/28.06-blog-768x768.jpg 768w, https:\/\/filtrocapacitivo.com.br\/blog\/wp-content\/uploads\/2023\/07\/28.06-blog-1024x1024.jpg 1024w, https:\/\/filtrocapacitivo.com.br\/blog\/wp-content\/uploads\/2023\/07\/28.06-blog-146x146.jpg 146w, https:\/\/filtrocapacitivo.com.br\/blog\/wp-content\/uploads\/2023\/07\/28.06-blog-50x50.jpg 50w, https:\/\/filtrocapacitivo.com.br\/blog\/wp-content\/uploads\/2023\/07\/28.06-blog-75x75.jpg 75w, https:\/\/filtrocapacitivo.com.br\/blog\/wp-content\/uploads\/2023\/07\/28.06-blog-85x85.jpg 85w, https:\/\/filtrocapacitivo.com.br\/blog\/wp-content\/uploads\/2023\/07\/28.06-blog-80x80.jpg 80w, https:\/\/filtrocapacitivo.com.br\/blog\/wp-content\/uploads\/2023\/07\/28.06-blog.jpg 1080w\" sizes=\"auto, (max-width: 419px) 100vw, 419px\" \/><\/p>\n<p>&nbsp;<\/p>\n<p><span style=\"font-weight: 300;\">O filtro capacitivo \u00e9 um dispositivo projetado para ajudar na prote\u00e7\u00e3o de equipamentos eletroeletr\u00f4nicos durante apag\u00f5es de energia. Ele \u00e9 utilizado para reduzir ou eliminar dist\u00farbios el\u00e9tricos transit\u00f3rios, como surtos de tens\u00e3o, picos de corrente e ru\u00eddos na rede el\u00e9trica. Durante um apag\u00e3o ou quando ocorre uma queda de energia seguida de um retorno repentino, \u00e9 comum ocorrerem varia\u00e7\u00f5es na tens\u00e3o el\u00e9trica, conhecidas como transientes. Esses transientes podem ser prejudiciais aos equipamentos, causando danos permanentes ou reduzindo sua vida \u00fatil.<\/span><\/p>\n<p><span style=\"font-weight: 300;\">Assim, ao instalar o filtro entre a fonte de alimenta\u00e7\u00e3o de energia e os equipamentos, \u00e9 poss\u00edvel reduzir consideravelmente os riscos de danos causados por transientes, protegendo uma variedade de dispositivos eletr\u00f4nicos sens\u00edveis, como computadores, televisores, aparelhos de som, roteadores, entre outros.<\/span><\/p>\n<p><span style=\"font-weight: 300;\">Venha conhecer mais sobre os filtros capacitivos. Fale com nossos consultores pelo telefone:\u00a0<\/span><a href=\"tel:08130890606\"><span style=\"font-weight: 300;\">(81) 3089-0606<\/span><\/a><span style=\"font-weight: 300;\">, fale pelo WhatsApp:\u00a0<\/span><a href=\"https:\/\/wa.me\/5581998710126\"><span style=\"font-weight: 300;\">(81) 99871-0126<\/span><\/a><span style=\"font-weight: 300;\">\u00a0ou preencha o\u00a0<\/span><a href=\"https:\/\/filtrocapacitivo.com.br\/contato\"><span style=\"font-weight: 300;\">formul\u00e1rio<\/span><\/a><span style=\"font-weight: 300;\">.<\/span><\/p>\n","protected":false},"excerpt":{"rendered":"<p>A falta de energia el\u00e9trica afetou a rotina de milhares de pessoas e trouxe consequ\u00eancias para a regi\u00e3o. A interrup\u00e7\u00e3o no fornecimento de energia durou algumas<span class=\"excerpt-hellip\"> [\u2026]<\/span><\/p>\n","protected":false},"author":1,"featured_media":1972,"comment_status":"closed","ping_status":"closed","sticky":false,"template":"","format":"standard","meta":{"footnotes":""},"categories":[1],"tags":[],"class_list":["post-1971","post","type-post","status-publish","format-standard","has-post-thumbnail","hentry","category-filtros-capacitivos"],"_links":{"self":[{"href":"https:\/\/filtrocapacitivo.com.br\/blog\/wp-json\/wp\/v2\/posts\/1971","targetHints":{"allow":["GET"]}}],"collection":[{"href":"https:\/\/filtrocapacitivo.com.br\/blog\/wp-json\/wp\/v2\/posts"}],"about":[{"href":"https:\/\/filtrocapacitivo.com.br\/blog\/wp-json\/wp\/v2\/types\/post"}],"author":[{"embeddable":true,"href":"https:\/\/filtrocapacitivo.com.br\/blog\/wp-json\/wp\/v2\/users\/1"}],"replies":[{"embeddable":true,"href":"https:\/\/filtrocapacitivo.com.br\/blog\/wp-json\/wp\/v2\/comments?post=1971"}],"version-history":[{"count":2,"href":"https:\/\/filtrocapacitivo.com.br\/blog\/wp-json\/wp\/v2\/posts\/1971\/revisions"}],"predecessor-version":[{"id":1974,"href":"https:\/\/filtrocapacitivo.com.br\/blog\/wp-json\/wp\/v2\/posts\/1971\/revisions\/1974"}],"wp:featuredmedia":[{"embeddable":true,"href":"https:\/\/filtrocapacitivo.com.br\/blog\/wp-json\/wp\/v2\/media\/1972"}],"wp:attachment":[{"href":"https:\/\/filtrocapacitivo.com.br\/blog\/wp-json\/wp\/v2\/media?parent=1971"}],"wp:term":[{"taxonomy":"category","embeddable":true,"href":"https:\/\/filtrocapacitivo.com.br\/blog\/wp-json\/wp\/v2\/categories?post=1971"},{"taxonomy":"post_tag","embeddable":true,"href":"https:\/\/filtrocapacitivo.com.br\/blog\/wp-json\/wp\/v2\/tags?post=1971"}],"curies":[{"name":"wp","href":"https:\/\/api.w.org\/{rel}","templated":true}]}}