{"id":1991,"date":"2023-07-19T11:00:49","date_gmt":"2023-07-19T14:00:49","guid":{"rendered":"https:\/\/filtrocapacitivo.com.br\/blog\/?p=1991"},"modified":"2023-07-31T20:17:10","modified_gmt":"2023-07-31T23:17:10","slug":"ciclone-deixa-mais-de-1-milhao-sem-energia","status":"publish","type":"post","link":"https:\/\/filtrocapacitivo.com.br\/blog\/ciclone-deixa-mais-de-1-milhao-sem-energia\/","title":{"rendered":"Ciclone deixa mais de 1 milh\u00e3o sem energia"},"content":{"rendered":"<p><span style=\"font-weight: 300;\">O ciclone, do tipo extratropical, mencionado \u00e9 um fen\u00f4meno meteorol\u00f3gico caracterizado por um sistema de baixa press\u00e3o atmosf\u00e9rica, comumente ocorrendo em regi\u00f5es costeiras. Esses ciclones podem gerar fortes ventos e chuvas intensas, o que pode levar a danos nas redes el\u00e9tricas e interrup\u00e7\u00f5es no fornecimento de energia.<\/span><\/p>\n<p>&nbsp;<\/p>\n<p><img loading=\"lazy\" decoding=\"async\" class=\" wp-image-1992 aligncenter\" src=\"https:\/\/filtrocapacitivo.com.br\/blog\/wp-content\/uploads\/2023\/07\/19.07-blog-300x300.jpg\" alt=\"\" width=\"478\" height=\"478\" srcset=\"https:\/\/filtrocapacitivo.com.br\/blog\/wp-content\/uploads\/2023\/07\/19.07-blog-300x300.jpg 300w, https:\/\/filtrocapacitivo.com.br\/blog\/wp-content\/uploads\/2023\/07\/19.07-blog-150x150.jpg 150w, https:\/\/filtrocapacitivo.com.br\/blog\/wp-content\/uploads\/2023\/07\/19.07-blog-768x768.jpg 768w, https:\/\/filtrocapacitivo.com.br\/blog\/wp-content\/uploads\/2023\/07\/19.07-blog-1024x1024.jpg 1024w, https:\/\/filtrocapacitivo.com.br\/blog\/wp-content\/uploads\/2023\/07\/19.07-blog-146x146.jpg 146w, https:\/\/filtrocapacitivo.com.br\/blog\/wp-content\/uploads\/2023\/07\/19.07-blog-50x50.jpg 50w, https:\/\/filtrocapacitivo.com.br\/blog\/wp-content\/uploads\/2023\/07\/19.07-blog-75x75.jpg 75w, https:\/\/filtrocapacitivo.com.br\/blog\/wp-content\/uploads\/2023\/07\/19.07-blog-85x85.jpg 85w, https:\/\/filtrocapacitivo.com.br\/blog\/wp-content\/uploads\/2023\/07\/19.07-blog-80x80.jpg 80w, https:\/\/filtrocapacitivo.com.br\/blog\/wp-content\/uploads\/2023\/07\/19.07-blog.jpg 1080w\" sizes=\"auto, (max-width: 478px) 100vw, 478px\" \/><\/p>\n<p>&nbsp;<\/p>\n<p><span style=\"font-weight: 300;\">Nos \u00faltimos dias, o ciclone acompanhado por uma frente fria causou grandes impactos nos estados do Paran\u00e1, Rio Grande do Sul e Santa Catarina. No Paran\u00e1, a Copel informou que 173 mil consumidores ficaram sem energia el\u00e9trica, com a regi\u00e3o leste do estado sendo a mais afetada, incluindo Curitiba, Regi\u00e3o Metropolitana e Litoral.<\/span><\/p>\n<p><span style=\"font-weight: 300;\">No contexto de tempestades e eventos clim\u00e1ticos extremos, como o ciclone extratropical mencionado, os filtros capacitivos podem ajudar a reduzir o impacto de surtos de tens\u00e3o e interfer\u00eancias na rede el\u00e9trica. Esses filtros s\u00e3o projetados para absorver as oscila\u00e7\u00f5es de tens\u00e3o indesejadas e fornecer uma energia el\u00e9trica mais est\u00e1vel e segura aos consumidores.<\/span><\/p>\n<p><span style=\"font-weight: 300;\">Venha conhecer mais sobre os filtros capacitivos. Fale com nossos consultores pelo telefone:\u00a0<\/span><a href=\"tel:08130890606\"><span style=\"font-weight: 300;\">(81) 3089-0606<\/span><\/a><span style=\"font-weight: 300;\">, fale pelo WhatsApp:\u00a0<\/span><a href=\"https:\/\/wa.me\/5581998710126\"><span style=\"font-weight: 300;\">(81) 99871-0126<\/span><\/a><span style=\"font-weight: 300;\">\u00a0ou preencha o\u00a0<\/span><a href=\"https:\/\/filtrocapacitivo.com.br\/contato\"><span style=\"font-weight: 300;\">formul\u00e1rio<\/span><\/a><span style=\"font-weight: 300;\">.<\/span><\/p>\n","protected":false},"excerpt":{"rendered":"<p>O ciclone, do tipo extratropical, mencionado \u00e9 um fen\u00f4meno meteorol\u00f3gico caracterizado por um sistema de baixa press\u00e3o atmosf\u00e9rica, comumente ocorrendo em regi\u00f5es costeiras. Esses ciclones podem<span class=\"excerpt-hellip\"> [\u2026]<\/span><\/p>\n","protected":false},"author":1,"featured_media":1992,"comment_status":"closed","ping_status":"closed","sticky":false,"template":"","format":"standard","meta":{"footnotes":""},"categories":[1,5],"tags":[],"class_list":["post-1991","post","type-post","status-publish","format-standard","has-post-thumbnail","hentry","category-filtros-capacitivos","category-noticias"],"_links":{"self":[{"href":"https:\/\/filtrocapacitivo.com.br\/blog\/wp-json\/wp\/v2\/posts\/1991","targetHints":{"allow":["GET"]}}],"collection":[{"href":"https:\/\/filtrocapacitivo.com.br\/blog\/wp-json\/wp\/v2\/posts"}],"about":[{"href":"https:\/\/filtrocapacitivo.com.br\/blog\/wp-json\/wp\/v2\/types\/post"}],"author":[{"embeddable":true,"href":"https:\/\/filtrocapacitivo.com.br\/blog\/wp-json\/wp\/v2\/users\/1"}],"replies":[{"embeddable":true,"href":"https:\/\/filtrocapacitivo.com.br\/blog\/wp-json\/wp\/v2\/comments?post=1991"}],"version-history":[{"count":1,"href":"https:\/\/filtrocapacitivo.com.br\/blog\/wp-json\/wp\/v2\/posts\/1991\/revisions"}],"predecessor-version":[{"id":1993,"href":"https:\/\/filtrocapacitivo.com.br\/blog\/wp-json\/wp\/v2\/posts\/1991\/revisions\/1993"}],"wp:featuredmedia":[{"embeddable":true,"href":"https:\/\/filtrocapacitivo.com.br\/blog\/wp-json\/wp\/v2\/media\/1992"}],"wp:attachment":[{"href":"https:\/\/filtrocapacitivo.com.br\/blog\/wp-json\/wp\/v2\/media?parent=1991"}],"wp:term":[{"taxonomy":"category","embeddable":true,"href":"https:\/\/filtrocapacitivo.com.br\/blog\/wp-json\/wp\/v2\/categories?post=1991"},{"taxonomy":"post_tag","embeddable":true,"href":"https:\/\/filtrocapacitivo.com.br\/blog\/wp-json\/wp\/v2\/tags?post=1991"}],"curies":[{"name":"wp","href":"https:\/\/api.w.org\/{rel}","templated":true}]}}