{"id":1994,"date":"2023-07-21T11:00:45","date_gmt":"2023-07-21T14:00:45","guid":{"rendered":"https:\/\/filtrocapacitivo.com.br\/blog\/?p=1994"},"modified":"2023-07-31T20:22:34","modified_gmt":"2023-07-31T23:22:34","slug":"mudanca-de-temperatura-e-o-aumento-na-conta-de-energia","status":"publish","type":"post","link":"https:\/\/filtrocapacitivo.com.br\/blog\/mudanca-de-temperatura-e-o-aumento-na-conta-de-energia\/","title":{"rendered":"Mudan\u00e7a de temperatura e o aumento na conta de energia"},"content":{"rendered":"<p><span style=\"font-weight: 300;\">A mudan\u00e7a de temperatura pode ter um impacto direto no valor da conta de energia. Durante per\u00edodos mais frios, o uso de aquecedores aumenta o consumo el\u00e9trico, enquanto em per\u00edodos mais quentes, o ar condicionado pode ser respons\u00e1vel por um aumento significativo no consumo energ\u00e9tico.<\/span><\/p>\n<p>&nbsp;<\/p>\n<p><img loading=\"lazy\" decoding=\"async\" class=\"wp-image-1995 aligncenter\" src=\"https:\/\/filtrocapacitivo.com.br\/blog\/wp-content\/uploads\/2023\/07\/21.07-blog-300x300.jpg\" alt=\"\" width=\"543\" height=\"543\" srcset=\"https:\/\/filtrocapacitivo.com.br\/blog\/wp-content\/uploads\/2023\/07\/21.07-blog-300x300.jpg 300w, https:\/\/filtrocapacitivo.com.br\/blog\/wp-content\/uploads\/2023\/07\/21.07-blog-150x150.jpg 150w, https:\/\/filtrocapacitivo.com.br\/blog\/wp-content\/uploads\/2023\/07\/21.07-blog-768x768.jpg 768w, https:\/\/filtrocapacitivo.com.br\/blog\/wp-content\/uploads\/2023\/07\/21.07-blog-1024x1024.jpg 1024w, https:\/\/filtrocapacitivo.com.br\/blog\/wp-content\/uploads\/2023\/07\/21.07-blog-146x146.jpg 146w, https:\/\/filtrocapacitivo.com.br\/blog\/wp-content\/uploads\/2023\/07\/21.07-blog-50x50.jpg 50w, https:\/\/filtrocapacitivo.com.br\/blog\/wp-content\/uploads\/2023\/07\/21.07-blog-75x75.jpg 75w, https:\/\/filtrocapacitivo.com.br\/blog\/wp-content\/uploads\/2023\/07\/21.07-blog-85x85.jpg 85w, https:\/\/filtrocapacitivo.com.br\/blog\/wp-content\/uploads\/2023\/07\/21.07-blog-80x80.jpg 80w, https:\/\/filtrocapacitivo.com.br\/blog\/wp-content\/uploads\/2023\/07\/21.07-blog.jpg 1080w\" sizes=\"auto, (max-width: 543px) 100vw, 543px\" \/><\/p>\n<p>&nbsp;<\/p>\n<p><span style=\"font-weight: 300;\">No entanto, uma forma de amenizar esse impacto e reduzir o consumo de energia \u00e9 atrav\u00e9s do uso de filtros capacitivos. Esses dispositivos ajudam a melhorar a efici\u00eancia energ\u00e9tica, estabilizando a corrente el\u00e9trica e reduzindo a quantidade de energia desperdi\u00e7ada.<\/span><\/p>\n<p><span style=\"font-weight: 300;\">Os filtros atuam corrigindo o fator de pot\u00eancia da rede el\u00e9trica, o que resulta em um uso mais eficiente da energia. Com eles, \u00e9 poss\u00edvel minimizar a carga reativa, que \u00e9 respons\u00e1vel por desperdi\u00e7ar energia el\u00e9trica e aumentar o valor da conta.<\/span><\/p>\n<p><span style=\"font-weight: 300;\">Al\u00e9m disso, os filtros capacitivos tamb\u00e9m ajudam a prolongar a vida \u00fatil dos equipamentos el\u00e9tricos, pois reduzem as flutua\u00e7\u00f5es de tens\u00e3o e melhoram a qualidade da energia fornecida.<\/span><\/p>\n<p><span style=\"font-weight: 300;\">Portanto, ao considerar a influ\u00eancia da mudan\u00e7a de temperatura no valor da conta de energia, \u00e9 importante lembrar dos benef\u00edcios que os filtros capacitivos podem oferecer. Eles contribuem para a redu\u00e7\u00e3o do consumo energ\u00e9tico, economia financeira e maior efici\u00eancia na utiliza\u00e7\u00e3o da energia el\u00e9trica.<\/span><\/p>\n<p><span style=\"font-weight: 300;\">Venha conhecer mais sobre os filtros capacitivos. Fale com nossos consultores pelo telefone:\u00a0<\/span><a href=\"tel:08130890606\"><span style=\"font-weight: 300;\">(81) 3089-0606<\/span><\/a><span style=\"font-weight: 300;\">, fale pelo WhatsApp:\u00a0<\/span><a href=\"https:\/\/wa.me\/5581998710126\"><span style=\"font-weight: 300;\">(81) 99871-0126<\/span><\/a><span style=\"font-weight: 300;\">\u00a0ou preencha o\u00a0<\/span><a href=\"https:\/\/filtrocapacitivo.com.br\/contato\"><span style=\"font-weight: 300;\">formul\u00e1rio<\/span><\/a><span style=\"font-weight: 300;\">.<\/span><\/p>\n","protected":false},"excerpt":{"rendered":"<p>A mudan\u00e7a de temperatura pode ter um impacto direto no valor da conta de energia. Durante per\u00edodos mais frios, o uso de aquecedores aumenta o consumo<span class=\"excerpt-hellip\"> [\u2026]<\/span><\/p>\n","protected":false},"author":1,"featured_media":1995,"comment_status":"closed","ping_status":"closed","sticky":false,"template":"","format":"standard","meta":{"footnotes":""},"categories":[1,5],"tags":[],"class_list":["post-1994","post","type-post","status-publish","format-standard","has-post-thumbnail","hentry","category-filtros-capacitivos","category-noticias"],"_links":{"self":[{"href":"https:\/\/filtrocapacitivo.com.br\/blog\/wp-json\/wp\/v2\/posts\/1994","targetHints":{"allow":["GET"]}}],"collection":[{"href":"https:\/\/filtrocapacitivo.com.br\/blog\/wp-json\/wp\/v2\/posts"}],"about":[{"href":"https:\/\/filtrocapacitivo.com.br\/blog\/wp-json\/wp\/v2\/types\/post"}],"author":[{"embeddable":true,"href":"https:\/\/filtrocapacitivo.com.br\/blog\/wp-json\/wp\/v2\/users\/1"}],"replies":[{"embeddable":true,"href":"https:\/\/filtrocapacitivo.com.br\/blog\/wp-json\/wp\/v2\/comments?post=1994"}],"version-history":[{"count":1,"href":"https:\/\/filtrocapacitivo.com.br\/blog\/wp-json\/wp\/v2\/posts\/1994\/revisions"}],"predecessor-version":[{"id":1997,"href":"https:\/\/filtrocapacitivo.com.br\/blog\/wp-json\/wp\/v2\/posts\/1994\/revisions\/1997"}],"wp:featuredmedia":[{"embeddable":true,"href":"https:\/\/filtrocapacitivo.com.br\/blog\/wp-json\/wp\/v2\/media\/1995"}],"wp:attachment":[{"href":"https:\/\/filtrocapacitivo.com.br\/blog\/wp-json\/wp\/v2\/media?parent=1994"}],"wp:term":[{"taxonomy":"category","embeddable":true,"href":"https:\/\/filtrocapacitivo.com.br\/blog\/wp-json\/wp\/v2\/categories?post=1994"},{"taxonomy":"post_tag","embeddable":true,"href":"https:\/\/filtrocapacitivo.com.br\/blog\/wp-json\/wp\/v2\/tags?post=1994"}],"curies":[{"name":"wp","href":"https:\/\/api.w.org\/{rel}","templated":true}]}}