{"id":2226,"date":"2023-12-01T11:00:31","date_gmt":"2023-12-01T14:00:31","guid":{"rendered":"https:\/\/filtrocapacitivo.com.br\/blog\/?p=2226"},"modified":"2024-01-15T23:06:30","modified_gmt":"2024-01-16T02:06:30","slug":"do-brasil-para-o-mundo-filtros-instalados-nos-estados-unidos-europa-africa-e-asia","status":"publish","type":"post","link":"https:\/\/filtrocapacitivo.com.br\/blog\/do-brasil-para-o-mundo-filtros-instalados-nos-estados-unidos-europa-africa-e-asia\/","title":{"rendered":"Do Brasil para o mundo: filtros instalados nos Estados Unidos, Europa, \u00c1frica e \u00c1sia"},"content":{"rendered":"<p><span style=\"font-weight: 300;\">A Lumilight do Brasil\u00ae se destaca na ind\u00fastria de filtros capacitivos, l\u00edder no mercado nacional e expandindo sua presen\u00e7a global. Seus produtos inovadores, desenvolvidos com tecnologia de ponta, melhoram o fator de pot\u00eancia pontual no motor ou circuito e otimizam o consumo de energia el\u00e9trica, atendendo \u00e0s necessidades de um mercado focado na efici\u00eancia energ\u00e9tica.<\/span><\/p>\n<p><img loading=\"lazy\" decoding=\"async\" class=\" wp-image-2227 aligncenter\" src=\"https:\/\/filtrocapacitivo.com.br\/blog\/wp-content\/uploads\/2024\/01\/01.12-blog-300x300.jpg\" alt=\"\" width=\"380\" height=\"380\" srcset=\"https:\/\/filtrocapacitivo.com.br\/blog\/wp-content\/uploads\/2024\/01\/01.12-blog-300x300.jpg 300w, https:\/\/filtrocapacitivo.com.br\/blog\/wp-content\/uploads\/2024\/01\/01.12-blog-150x150.jpg 150w, https:\/\/filtrocapacitivo.com.br\/blog\/wp-content\/uploads\/2024\/01\/01.12-blog-768x768.jpg 768w, https:\/\/filtrocapacitivo.com.br\/blog\/wp-content\/uploads\/2024\/01\/01.12-blog-1024x1024.jpg 1024w, https:\/\/filtrocapacitivo.com.br\/blog\/wp-content\/uploads\/2024\/01\/01.12-blog-500x500.jpg 500w, https:\/\/filtrocapacitivo.com.br\/blog\/wp-content\/uploads\/2024\/01\/01.12-blog-400x400.jpg 400w, https:\/\/filtrocapacitivo.com.br\/blog\/wp-content\/uploads\/2024\/01\/01.12-blog-146x146.jpg 146w, https:\/\/filtrocapacitivo.com.br\/blog\/wp-content\/uploads\/2024\/01\/01.12-blog-50x50.jpg 50w, https:\/\/filtrocapacitivo.com.br\/blog\/wp-content\/uploads\/2024\/01\/01.12-blog-75x75.jpg 75w, https:\/\/filtrocapacitivo.com.br\/blog\/wp-content\/uploads\/2024\/01\/01.12-blog-85x85.jpg 85w, https:\/\/filtrocapacitivo.com.br\/blog\/wp-content\/uploads\/2024\/01\/01.12-blog-80x80.jpg 80w, https:\/\/filtrocapacitivo.com.br\/blog\/wp-content\/uploads\/2024\/01\/01.12-blog.jpg 1080w\" sizes=\"auto, (max-width: 380px) 100vw, 380px\" \/><\/p>\n<p>&nbsp;<\/p>\n<p><span style=\"font-weight: 300;\">Com uma rede de mais de 150 distribuidores em 27 Estados brasileiros e no Distrito Federal, a Lumilight garante ampla cobertura nacional. Al\u00e9m disso, sua presen\u00e7a internacional abrange pa\u00edses como EUA, Peru, Bol\u00edvia e Rep\u00fablica de Angola, levando expertise em filtros capacitivos al\u00e9m das fronteiras.<\/span><\/p>\n<p><span style=\"font-weight: 300;\">Com mais de 500 mil clientes no Brasil e no exterior, a Lumilight desempenha um papel important\u00edssimo na melhoria da efici\u00eancia energ\u00e9tica, reduzindo custos para empresas e consumidores. Seu compromisso com qualidade e inova\u00e7\u00e3o refor\u00e7a sua posi\u00e7\u00e3o como l\u00edder global em filtros capacitivos.<\/span><\/p>\n<p><span style=\"font-weight: 300;\">Venha conhecer mais sobre os filtros capacitivos. Fale com nossos consultores pelo telefone:\u00a0<\/span><a href=\"tel:08130890606\"><span style=\"font-weight: 300;\">(81) 3089-0606<\/span><\/a><span style=\"font-weight: 300;\">, fale pelo WhatsApp:\u00a0<\/span><a href=\"https:\/\/wa.me\/5581998710126\"><span style=\"font-weight: 300;\">(81) 99871-0126<\/span><\/a><span style=\"font-weight: 300;\">\u00a0ou preencha o\u00a0<\/span><a href=\"https:\/\/filtrocapacitivo.com.br\/contato\"><span style=\"font-weight: 300;\">formul\u00e1rio<\/span><\/a><span style=\"font-weight: 300;\">.<\/span><\/p>\n","protected":false},"excerpt":{"rendered":"<p>A Lumilight do Brasil\u00ae se destaca na ind\u00fastria de filtros capacitivos, l\u00edder no mercado nacional e expandindo sua presen\u00e7a global. Seus produtos inovadores, desenvolvidos com tecnologia<span class=\"excerpt-hellip\"> [\u2026]<\/span><\/p>\n","protected":false},"author":1,"featured_media":2227,"comment_status":"closed","ping_status":"closed","sticky":false,"template":"","format":"standard","meta":{"footnotes":""},"categories":[1],"tags":[],"class_list":["post-2226","post","type-post","status-publish","format-standard","has-post-thumbnail","hentry","category-filtros-capacitivos"],"_links":{"self":[{"href":"https:\/\/filtrocapacitivo.com.br\/blog\/wp-json\/wp\/v2\/posts\/2226","targetHints":{"allow":["GET"]}}],"collection":[{"href":"https:\/\/filtrocapacitivo.com.br\/blog\/wp-json\/wp\/v2\/posts"}],"about":[{"href":"https:\/\/filtrocapacitivo.com.br\/blog\/wp-json\/wp\/v2\/types\/post"}],"author":[{"embeddable":true,"href":"https:\/\/filtrocapacitivo.com.br\/blog\/wp-json\/wp\/v2\/users\/1"}],"replies":[{"embeddable":true,"href":"https:\/\/filtrocapacitivo.com.br\/blog\/wp-json\/wp\/v2\/comments?post=2226"}],"version-history":[{"count":1,"href":"https:\/\/filtrocapacitivo.com.br\/blog\/wp-json\/wp\/v2\/posts\/2226\/revisions"}],"predecessor-version":[{"id":2228,"href":"https:\/\/filtrocapacitivo.com.br\/blog\/wp-json\/wp\/v2\/posts\/2226\/revisions\/2228"}],"wp:featuredmedia":[{"embeddable":true,"href":"https:\/\/filtrocapacitivo.com.br\/blog\/wp-json\/wp\/v2\/media\/2227"}],"wp:attachment":[{"href":"https:\/\/filtrocapacitivo.com.br\/blog\/wp-json\/wp\/v2\/media?parent=2226"}],"wp:term":[{"taxonomy":"category","embeddable":true,"href":"https:\/\/filtrocapacitivo.com.br\/blog\/wp-json\/wp\/v2\/categories?post=2226"},{"taxonomy":"post_tag","embeddable":true,"href":"https:\/\/filtrocapacitivo.com.br\/blog\/wp-json\/wp\/v2\/tags?post=2226"}],"curies":[{"name":"wp","href":"https:\/\/api.w.org\/{rel}","templated":true}]}}