{"id":2232,"date":"2023-12-08T11:00:42","date_gmt":"2023-12-08T14:00:42","guid":{"rendered":"https:\/\/filtrocapacitivo.com.br\/blog\/?p=2232"},"modified":"2024-01-15T23:12:02","modified_gmt":"2024-01-16T02:12:02","slug":"eficiencia-energetica","status":"publish","type":"post","link":"https:\/\/filtrocapacitivo.com.br\/blog\/eficiencia-energetica\/","title":{"rendered":"Efici\u00eancia energ\u00e9tica"},"content":{"rendered":"<p><span style=\"font-weight: 300;\">Na Lumilight do Brasil\u00ae, acreditamos que &#8220;Efici\u00eancia energ\u00e9tica \u00e9 o primeiro passo para a sustentabilidade&#8221;, como bem disse nosso CEO, Luiz Henrique Bueno.<\/span><\/p>\n<p>&nbsp;<\/p>\n<p><img loading=\"lazy\" decoding=\"async\" class=\" wp-image-2233 aligncenter\" src=\"https:\/\/filtrocapacitivo.com.br\/blog\/wp-content\/uploads\/2024\/01\/08.12-blog-300x300.jpg\" alt=\"\" width=\"376\" height=\"376\" srcset=\"https:\/\/filtrocapacitivo.com.br\/blog\/wp-content\/uploads\/2024\/01\/08.12-blog-300x300.jpg 300w, https:\/\/filtrocapacitivo.com.br\/blog\/wp-content\/uploads\/2024\/01\/08.12-blog-150x150.jpg 150w, https:\/\/filtrocapacitivo.com.br\/blog\/wp-content\/uploads\/2024\/01\/08.12-blog-768x768.jpg 768w, https:\/\/filtrocapacitivo.com.br\/blog\/wp-content\/uploads\/2024\/01\/08.12-blog-1024x1024.jpg 1024w, https:\/\/filtrocapacitivo.com.br\/blog\/wp-content\/uploads\/2024\/01\/08.12-blog-500x500.jpg 500w, https:\/\/filtrocapacitivo.com.br\/blog\/wp-content\/uploads\/2024\/01\/08.12-blog-400x400.jpg 400w, https:\/\/filtrocapacitivo.com.br\/blog\/wp-content\/uploads\/2024\/01\/08.12-blog-146x146.jpg 146w, https:\/\/filtrocapacitivo.com.br\/blog\/wp-content\/uploads\/2024\/01\/08.12-blog-50x50.jpg 50w, https:\/\/filtrocapacitivo.com.br\/blog\/wp-content\/uploads\/2024\/01\/08.12-blog-75x75.jpg 75w, https:\/\/filtrocapacitivo.com.br\/blog\/wp-content\/uploads\/2024\/01\/08.12-blog-85x85.jpg 85w, https:\/\/filtrocapacitivo.com.br\/blog\/wp-content\/uploads\/2024\/01\/08.12-blog-80x80.jpg 80w, https:\/\/filtrocapacitivo.com.br\/blog\/wp-content\/uploads\/2024\/01\/08.12-blog.jpg 1080w\" sizes=\"auto, (max-width: 376px) 100vw, 376px\" \/><\/p>\n<p>&nbsp;<\/p>\n<p><span style=\"font-weight: 300;\">Nosso compromisso vai al\u00e9m da economia de energia; busca-se a otimiza\u00e7\u00e3o energ\u00e9tica em cada projeto, visando n\u00e3o s\u00f3 reduzir o consumo, mas tamb\u00e9m promover pr\u00e1ticas sustent\u00e1veis. Com tecnologia avan\u00e7ada e solu\u00e7\u00f5es inovadoras, promovemos a efici\u00eancia energ\u00e9tica como um pilar fundamental para um futuro mais sustent\u00e1vel.<\/span><\/p>\n<p><span style=\"font-weight: 300;\">Geramos mais produtividade, favorecemos a vida \u00fatil de equipamentos e reduzimos drasticamente o descarte de produtos prejudiciais ao meio ambientes, atrav\u00e9s de uma tecnologia avan\u00e7ada que diminui o desgaste de equipamentos eletroeletr\u00f4nicos, placas de circuitos e corros\u00e3o causada pela m\u00e1 qualidade da transmiss\u00e3o de energia.<\/span><\/p>\n<p><span style=\"font-weight: 300;\">Junte-se a n\u00f3s nessa jornada rumo a um mundo mais sustent\u00e1vel, onde a efici\u00eancia energ\u00e9tica \u00e9 um passo crucial para preservar o planeta para as gera\u00e7\u00f5es futuras. <\/span><span style=\"font-weight: 400;\">\ud83c\udf0d<\/span><\/p>\n<p><span style=\"font-weight: 300;\">Venha conhecer mais sobre os filtros capacitivos. Fale com nossos consultores pelo telefone:\u00a0<\/span><a href=\"tel:08130890606\"><span style=\"font-weight: 300;\">(81) 3089-0606<\/span><\/a><span style=\"font-weight: 300;\">, fale pelo WhatsApp:\u00a0<\/span><a href=\"https:\/\/wa.me\/5581998710126\"><span style=\"font-weight: 300;\">(81) 99871-0126<\/span><\/a><span style=\"font-weight: 300;\">\u00a0ou preencha o\u00a0<\/span><a href=\"https:\/\/filtrocapacitivo.com.br\/contato\"><span style=\"font-weight: 300;\">formul\u00e1rio<\/span><\/a><span style=\"font-weight: 300;\">.<\/span><\/p>\n","protected":false},"excerpt":{"rendered":"<p>Na Lumilight do Brasil\u00ae, acreditamos que &#8220;Efici\u00eancia energ\u00e9tica \u00e9 o primeiro passo para a sustentabilidade&#8221;, como bem disse nosso CEO, Luiz Henrique Bueno. &nbsp; &nbsp; Nosso<span class=\"excerpt-hellip\"> [\u2026]<\/span><\/p>\n","protected":false},"author":1,"featured_media":2233,"comment_status":"closed","ping_status":"closed","sticky":false,"template":"","format":"standard","meta":{"footnotes":""},"categories":[1],"tags":[],"class_list":["post-2232","post","type-post","status-publish","format-standard","has-post-thumbnail","hentry","category-filtros-capacitivos"],"_links":{"self":[{"href":"https:\/\/filtrocapacitivo.com.br\/blog\/wp-json\/wp\/v2\/posts\/2232","targetHints":{"allow":["GET"]}}],"collection":[{"href":"https:\/\/filtrocapacitivo.com.br\/blog\/wp-json\/wp\/v2\/posts"}],"about":[{"href":"https:\/\/filtrocapacitivo.com.br\/blog\/wp-json\/wp\/v2\/types\/post"}],"author":[{"embeddable":true,"href":"https:\/\/filtrocapacitivo.com.br\/blog\/wp-json\/wp\/v2\/users\/1"}],"replies":[{"embeddable":true,"href":"https:\/\/filtrocapacitivo.com.br\/blog\/wp-json\/wp\/v2\/comments?post=2232"}],"version-history":[{"count":1,"href":"https:\/\/filtrocapacitivo.com.br\/blog\/wp-json\/wp\/v2\/posts\/2232\/revisions"}],"predecessor-version":[{"id":2234,"href":"https:\/\/filtrocapacitivo.com.br\/blog\/wp-json\/wp\/v2\/posts\/2232\/revisions\/2234"}],"wp:featuredmedia":[{"embeddable":true,"href":"https:\/\/filtrocapacitivo.com.br\/blog\/wp-json\/wp\/v2\/media\/2233"}],"wp:attachment":[{"href":"https:\/\/filtrocapacitivo.com.br\/blog\/wp-json\/wp\/v2\/media?parent=2232"}],"wp:term":[{"taxonomy":"category","embeddable":true,"href":"https:\/\/filtrocapacitivo.com.br\/blog\/wp-json\/wp\/v2\/categories?post=2232"},{"taxonomy":"post_tag","embeddable":true,"href":"https:\/\/filtrocapacitivo.com.br\/blog\/wp-json\/wp\/v2\/tags?post=2232"}],"curies":[{"name":"wp","href":"https:\/\/api.w.org\/{rel}","templated":true}]}}