{"id":2239,"date":"2023-12-15T11:00:47","date_gmt":"2023-12-15T14:00:47","guid":{"rendered":"https:\/\/filtrocapacitivo.com.br\/blog\/?p=2239"},"modified":"2024-01-15T23:41:59","modified_gmt":"2024-01-16T02:41:59","slug":"contas-de-energia-devem-ficar-104-mais-caras-em-2024","status":"publish","type":"post","link":"https:\/\/filtrocapacitivo.com.br\/blog\/contas-de-energia-devem-ficar-104-mais-caras-em-2024\/","title":{"rendered":"Contas de energia devem ficar 10,4% mais caras em 2024"},"content":{"rendered":"<p><span style=\"font-weight: 300;\">De acordo com a Associa\u00e7\u00e3o Brasileira dos Grandes Consumidores de Energia (Abrace), as contas de eletricidade est\u00e3o previstas para sofrer um aumento de at\u00e9 10,4% em 2024. A proje\u00e7\u00e3o m\u00e9dia nacional de aumento \u00e9 de 6,58%, podendo chegar a 10,41%.<\/span><\/p>\n<p>&nbsp;<\/p>\n<p><img loading=\"lazy\" decoding=\"async\" class=\" wp-image-2240 aligncenter\" src=\"https:\/\/filtrocapacitivo.com.br\/blog\/wp-content\/uploads\/2024\/01\/15.12-blog-300x300.jpg\" alt=\"\" width=\"413\" height=\"413\" srcset=\"https:\/\/filtrocapacitivo.com.br\/blog\/wp-content\/uploads\/2024\/01\/15.12-blog-300x300.jpg 300w, https:\/\/filtrocapacitivo.com.br\/blog\/wp-content\/uploads\/2024\/01\/15.12-blog-150x150.jpg 150w, https:\/\/filtrocapacitivo.com.br\/blog\/wp-content\/uploads\/2024\/01\/15.12-blog-768x768.jpg 768w, https:\/\/filtrocapacitivo.com.br\/blog\/wp-content\/uploads\/2024\/01\/15.12-blog-1024x1024.jpg 1024w, https:\/\/filtrocapacitivo.com.br\/blog\/wp-content\/uploads\/2024\/01\/15.12-blog-500x500.jpg 500w, https:\/\/filtrocapacitivo.com.br\/blog\/wp-content\/uploads\/2024\/01\/15.12-blog-400x400.jpg 400w, https:\/\/filtrocapacitivo.com.br\/blog\/wp-content\/uploads\/2024\/01\/15.12-blog-146x146.jpg 146w, https:\/\/filtrocapacitivo.com.br\/blog\/wp-content\/uploads\/2024\/01\/15.12-blog-50x50.jpg 50w, https:\/\/filtrocapacitivo.com.br\/blog\/wp-content\/uploads\/2024\/01\/15.12-blog-75x75.jpg 75w, https:\/\/filtrocapacitivo.com.br\/blog\/wp-content\/uploads\/2024\/01\/15.12-blog-85x85.jpg 85w, https:\/\/filtrocapacitivo.com.br\/blog\/wp-content\/uploads\/2024\/01\/15.12-blog-80x80.jpg 80w, https:\/\/filtrocapacitivo.com.br\/blog\/wp-content\/uploads\/2024\/01\/15.12-blog.jpg 1080w\" sizes=\"auto, (max-width: 413px) 100vw, 413px\" \/><\/p>\n<p>&nbsp;<\/p>\n<p><span style=\"font-weight: 300;\">Este aumento supera a previs\u00e3o de infla\u00e7\u00e3o para 2024, estimada em 3,91%. Sua implementa\u00e7\u00e3o est\u00e1 sujeita a debates legais referentes aos cr\u00e9ditos de impostos que t\u00eam sido usados para amenizar os reajustes.<\/span><\/p>\n<p><span style=\"font-weight: 300;\">Os ajustes variam conforme a distribuidora que opera em cada regi\u00e3o do pa\u00eds. Por exemplo, em Minas Gerais, os cr\u00e9ditos j\u00e1 foram completamente utilizados, o que poderia resultar em um aumento de 15%.<\/span><\/p>\n<p><span style=\"font-weight: 300;\">A Ag\u00eancia Nacional de Energia El\u00e9trica (Aneel) \u00e9 a entidade respons\u00e1vel por determinar os aumentos nas tarifas de energia el\u00e9trica. <\/span><span style=\"font-weight: 400;\">\ud83d\udca1<\/span><\/p>\n<p><span style=\"font-weight: 300;\">Venha conhecer mais sobre os filtros capacitivos. Fale com nossos consultores pelo telefone:\u00a0<\/span><a href=\"tel:08130890606\"><span style=\"font-weight: 300;\">(81) 3089-0606<\/span><\/a><span style=\"font-weight: 300;\">, fale pelo WhatsApp:\u00a0<\/span><a href=\"https:\/\/wa.me\/5581998710126\"><span style=\"font-weight: 300;\">(81) 99871-0126<\/span><\/a><span style=\"font-weight: 300;\">\u00a0ou preencha o\u00a0<\/span><a href=\"https:\/\/filtrocapacitivo.com.br\/contato\"><span style=\"font-weight: 300;\">formul\u00e1rio<\/span><\/a><span style=\"font-weight: 300;\">.<\/span><\/p>\n","protected":false},"excerpt":{"rendered":"<p>De acordo com a Associa\u00e7\u00e3o Brasileira dos Grandes Consumidores de Energia (Abrace), as contas de eletricidade est\u00e3o previstas para sofrer um aumento de at\u00e9 10,4% em<span class=\"excerpt-hellip\"> [\u2026]<\/span><\/p>\n","protected":false},"author":1,"featured_media":2240,"comment_status":"closed","ping_status":"closed","sticky":false,"template":"","format":"standard","meta":{"footnotes":""},"categories":[1],"tags":[],"class_list":["post-2239","post","type-post","status-publish","format-standard","has-post-thumbnail","hentry","category-filtros-capacitivos"],"_links":{"self":[{"href":"https:\/\/filtrocapacitivo.com.br\/blog\/wp-json\/wp\/v2\/posts\/2239","targetHints":{"allow":["GET"]}}],"collection":[{"href":"https:\/\/filtrocapacitivo.com.br\/blog\/wp-json\/wp\/v2\/posts"}],"about":[{"href":"https:\/\/filtrocapacitivo.com.br\/blog\/wp-json\/wp\/v2\/types\/post"}],"author":[{"embeddable":true,"href":"https:\/\/filtrocapacitivo.com.br\/blog\/wp-json\/wp\/v2\/users\/1"}],"replies":[{"embeddable":true,"href":"https:\/\/filtrocapacitivo.com.br\/blog\/wp-json\/wp\/v2\/comments?post=2239"}],"version-history":[{"count":1,"href":"https:\/\/filtrocapacitivo.com.br\/blog\/wp-json\/wp\/v2\/posts\/2239\/revisions"}],"predecessor-version":[{"id":2241,"href":"https:\/\/filtrocapacitivo.com.br\/blog\/wp-json\/wp\/v2\/posts\/2239\/revisions\/2241"}],"wp:featuredmedia":[{"embeddable":true,"href":"https:\/\/filtrocapacitivo.com.br\/blog\/wp-json\/wp\/v2\/media\/2240"}],"wp:attachment":[{"href":"https:\/\/filtrocapacitivo.com.br\/blog\/wp-json\/wp\/v2\/media?parent=2239"}],"wp:term":[{"taxonomy":"category","embeddable":true,"href":"https:\/\/filtrocapacitivo.com.br\/blog\/wp-json\/wp\/v2\/categories?post=2239"},{"taxonomy":"post_tag","embeddable":true,"href":"https:\/\/filtrocapacitivo.com.br\/blog\/wp-json\/wp\/v2\/tags?post=2239"}],"curies":[{"name":"wp","href":"https:\/\/api.w.org\/{rel}","templated":true}]}}