{"id":2245,"date":"2023-12-22T11:00:04","date_gmt":"2023-12-22T14:00:04","guid":{"rendered":"https:\/\/filtrocapacitivo.com.br\/blog\/?p=2245"},"modified":"2024-01-15T23:48:31","modified_gmt":"2024-01-16T02:48:31","slug":"sabia-que-existem-filtros-instalados-ha-mais-de-15-anos-em-pleno-funcionamento","status":"publish","type":"post","link":"https:\/\/filtrocapacitivo.com.br\/blog\/sabia-que-existem-filtros-instalados-ha-mais-de-15-anos-em-pleno-funcionamento\/","title":{"rendered":"Sabia que existem filtros instalados h\u00e1 mais de 15 anos em pleno funcionamento?"},"content":{"rendered":"<p><span style=\"font-weight: 300;\">Uma das conquistas not\u00e1veis da Lumilight do Brasil\u00ae \u00e9 a presen\u00e7a de seus filtros capacitivos em funcionamento h\u00e1 mais de 15 anos. Sim, isso mesmo! Alguns dos filtros da Lumilight foram instalados h\u00e1 mais de uma d\u00e9cada e meia e ainda est\u00e3o operando a pleno vapor.<\/span><\/p>\n<p>&nbsp;<\/p>\n<p><img loading=\"lazy\" decoding=\"async\" class=\" wp-image-2246 aligncenter\" src=\"https:\/\/filtrocapacitivo.com.br\/blog\/wp-content\/uploads\/2024\/01\/22.12-blog-300x300.jpg\" alt=\"\" width=\"396\" height=\"396\" srcset=\"https:\/\/filtrocapacitivo.com.br\/blog\/wp-content\/uploads\/2024\/01\/22.12-blog-300x300.jpg 300w, https:\/\/filtrocapacitivo.com.br\/blog\/wp-content\/uploads\/2024\/01\/22.12-blog-150x150.jpg 150w, https:\/\/filtrocapacitivo.com.br\/blog\/wp-content\/uploads\/2024\/01\/22.12-blog-768x768.jpg 768w, https:\/\/filtrocapacitivo.com.br\/blog\/wp-content\/uploads\/2024\/01\/22.12-blog-1024x1024.jpg 1024w, https:\/\/filtrocapacitivo.com.br\/blog\/wp-content\/uploads\/2024\/01\/22.12-blog-500x500.jpg 500w, https:\/\/filtrocapacitivo.com.br\/blog\/wp-content\/uploads\/2024\/01\/22.12-blog-400x400.jpg 400w, https:\/\/filtrocapacitivo.com.br\/blog\/wp-content\/uploads\/2024\/01\/22.12-blog-146x146.jpg 146w, https:\/\/filtrocapacitivo.com.br\/blog\/wp-content\/uploads\/2024\/01\/22.12-blog-50x50.jpg 50w, https:\/\/filtrocapacitivo.com.br\/blog\/wp-content\/uploads\/2024\/01\/22.12-blog-75x75.jpg 75w, https:\/\/filtrocapacitivo.com.br\/blog\/wp-content\/uploads\/2024\/01\/22.12-blog-85x85.jpg 85w, https:\/\/filtrocapacitivo.com.br\/blog\/wp-content\/uploads\/2024\/01\/22.12-blog-80x80.jpg 80w, https:\/\/filtrocapacitivo.com.br\/blog\/wp-content\/uploads\/2024\/01\/22.12-blog.jpg 1080w\" sizes=\"auto, (max-width: 396px) 100vw, 396px\" \/><\/p>\n<p>&nbsp;<\/p>\n<p><span style=\"font-weight: 300;\">Esses filtros foram estrategicamente instalados em paralelo \u00e0 rede el\u00e9trica, contando com o conhecimento e a per\u00edcia de uma equipe composta por engenheiros, tecn\u00f3logos e eletricistas altamente especializados. Esses profissionais n\u00e3o s\u00f3 realizam a instala\u00e7\u00e3o, mas tamb\u00e9m desenvolvem projetos que demandam Autoriza\u00e7\u00e3o de Responsabilidade T\u00e9cnica (ART), garantindo assim um servi\u00e7o de qualidade e de acordo com as exig\u00eancias normativas.<\/span><\/p>\n<p><span style=\"font-weight: 300;\">Al\u00e9m disso, as instala\u00e7\u00f5es desses filtros seguem padr\u00f5es rigorosos, obedecendo \u00e0s normas de seguran\u00e7a el\u00e9trica estabelecidas pela Associa\u00e7\u00e3o Brasileira de Normas T\u00e9cnicas (ABNT). Isso assegura n\u00e3o apenas a efici\u00eancia na opera\u00e7\u00e3o dos filtros, mas tamb\u00e9m a seguran\u00e7a tanto para os equipamentos quanto para as pessoas que operam nesse ambiente.<\/span><\/p>\n<p><span style=\"font-weight: 300;\">Venha conhecer mais sobre os filtros capacitivos. Fale com nossos consultores pelo telefone:\u00a0<\/span><a href=\"tel:08130890606\"><span style=\"font-weight: 300;\">(81) 3089-0606<\/span><\/a><span style=\"font-weight: 300;\">, fale pelo WhatsApp:\u00a0<\/span><a href=\"https:\/\/wa.me\/5581998710126\"><span style=\"font-weight: 300;\">(81) 99871-0126<\/span><\/a><span style=\"font-weight: 300;\">\u00a0ou preencha o\u00a0<\/span><a href=\"https:\/\/filtrocapacitivo.com.br\/contato\"><span style=\"font-weight: 300;\">formul\u00e1rio<\/span><\/a><span style=\"font-weight: 300;\">.<\/span><\/p>\n","protected":false},"excerpt":{"rendered":"<p>Uma das conquistas not\u00e1veis da Lumilight do Brasil\u00ae \u00e9 a presen\u00e7a de seus filtros capacitivos em funcionamento h\u00e1 mais de 15 anos. Sim, isso mesmo! Alguns<span class=\"excerpt-hellip\"> [\u2026]<\/span><\/p>\n","protected":false},"author":1,"featured_media":2246,"comment_status":"closed","ping_status":"closed","sticky":false,"template":"","format":"standard","meta":{"footnotes":""},"categories":[1],"tags":[],"class_list":["post-2245","post","type-post","status-publish","format-standard","has-post-thumbnail","hentry","category-filtros-capacitivos"],"_links":{"self":[{"href":"https:\/\/filtrocapacitivo.com.br\/blog\/wp-json\/wp\/v2\/posts\/2245","targetHints":{"allow":["GET"]}}],"collection":[{"href":"https:\/\/filtrocapacitivo.com.br\/blog\/wp-json\/wp\/v2\/posts"}],"about":[{"href":"https:\/\/filtrocapacitivo.com.br\/blog\/wp-json\/wp\/v2\/types\/post"}],"author":[{"embeddable":true,"href":"https:\/\/filtrocapacitivo.com.br\/blog\/wp-json\/wp\/v2\/users\/1"}],"replies":[{"embeddable":true,"href":"https:\/\/filtrocapacitivo.com.br\/blog\/wp-json\/wp\/v2\/comments?post=2245"}],"version-history":[{"count":1,"href":"https:\/\/filtrocapacitivo.com.br\/blog\/wp-json\/wp\/v2\/posts\/2245\/revisions"}],"predecessor-version":[{"id":2247,"href":"https:\/\/filtrocapacitivo.com.br\/blog\/wp-json\/wp\/v2\/posts\/2245\/revisions\/2247"}],"wp:featuredmedia":[{"embeddable":true,"href":"https:\/\/filtrocapacitivo.com.br\/blog\/wp-json\/wp\/v2\/media\/2246"}],"wp:attachment":[{"href":"https:\/\/filtrocapacitivo.com.br\/blog\/wp-json\/wp\/v2\/media?parent=2245"}],"wp:term":[{"taxonomy":"category","embeddable":true,"href":"https:\/\/filtrocapacitivo.com.br\/blog\/wp-json\/wp\/v2\/categories?post=2245"},{"taxonomy":"post_tag","embeddable":true,"href":"https:\/\/filtrocapacitivo.com.br\/blog\/wp-json\/wp\/v2\/tags?post=2245"}],"curies":[{"name":"wp","href":"https:\/\/api.w.org\/{rel}","templated":true}]}}