{"id":2256,"date":"2024-01-09T11:00:05","date_gmt":"2024-01-09T14:00:05","guid":{"rendered":"https:\/\/filtrocapacitivo.com.br\/blog\/?p=2256"},"modified":"2024-01-22T09:26:56","modified_gmt":"2024-01-22T12:26:56","slug":"verao-ondas-de-calor-e-chuvas-serao-desafios-para-o-setor-eletrico","status":"publish","type":"post","link":"https:\/\/filtrocapacitivo.com.br\/blog\/verao-ondas-de-calor-e-chuvas-serao-desafios-para-o-setor-eletrico\/","title":{"rendered":"Ver\u00e3o: Ondas de calor e chuvas ser\u00e3o desafios para o setor el\u00e9trico"},"content":{"rendered":"<p><span style=\"font-weight: 300;\">Preparados para os desafios do ver\u00e3o?<\/span><\/p>\n<p><span style=\"font-weight: 300;\">A previs\u00e3o \u00e9 de chuvas abaixo da m\u00e9dia na regi\u00e3o Norte, assim a gera\u00e7\u00e3o das hidrel\u00e9tricas pode ser prejudicada, aumentando a preocupa\u00e7\u00e3o com o abastecimento de energia.<\/span><\/p>\n<p>&nbsp;<\/p>\n<p><img loading=\"lazy\" decoding=\"async\" class=\"alignnone  wp-image-2257 aligncenter\" src=\"https:\/\/filtrocapacitivo.com.br\/blog\/wp-content\/uploads\/2024\/01\/09.01-blog-1-300x300.jpg\" alt=\"\" width=\"343\" height=\"343\" srcset=\"https:\/\/filtrocapacitivo.com.br\/blog\/wp-content\/uploads\/2024\/01\/09.01-blog-1-300x300.jpg 300w, https:\/\/filtrocapacitivo.com.br\/blog\/wp-content\/uploads\/2024\/01\/09.01-blog-1-150x150.jpg 150w, https:\/\/filtrocapacitivo.com.br\/blog\/wp-content\/uploads\/2024\/01\/09.01-blog-1-768x768.jpg 768w, https:\/\/filtrocapacitivo.com.br\/blog\/wp-content\/uploads\/2024\/01\/09.01-blog-1-1024x1024.jpg 1024w, https:\/\/filtrocapacitivo.com.br\/blog\/wp-content\/uploads\/2024\/01\/09.01-blog-1-500x500.jpg 500w, https:\/\/filtrocapacitivo.com.br\/blog\/wp-content\/uploads\/2024\/01\/09.01-blog-1-400x400.jpg 400w, https:\/\/filtrocapacitivo.com.br\/blog\/wp-content\/uploads\/2024\/01\/09.01-blog-1-146x146.jpg 146w, https:\/\/filtrocapacitivo.com.br\/blog\/wp-content\/uploads\/2024\/01\/09.01-blog-1-50x50.jpg 50w, https:\/\/filtrocapacitivo.com.br\/blog\/wp-content\/uploads\/2024\/01\/09.01-blog-1-75x75.jpg 75w, https:\/\/filtrocapacitivo.com.br\/blog\/wp-content\/uploads\/2024\/01\/09.01-blog-1-85x85.jpg 85w, https:\/\/filtrocapacitivo.com.br\/blog\/wp-content\/uploads\/2024\/01\/09.01-blog-1-80x80.jpg 80w, https:\/\/filtrocapacitivo.com.br\/blog\/wp-content\/uploads\/2024\/01\/09.01-blog-1.jpg 1080w\" sizes=\"auto, (max-width: 343px) 100vw, 343px\" \/><\/p>\n<p>&nbsp;<\/p>\n<p><span style=\"font-weight: 300;\">O fen\u00f4meno clim\u00e1tico El Ni\u00f1o est\u00e1 atrasando o per\u00edodo \u00famido, fundamental para o abastecimento dos reservat\u00f3rios das hidrel\u00e9tricas.<\/span><\/p>\n<p><span style=\"font-weight: 300;\">Apesar do Sudeste\/Centro-Oeste estar em uma situa\u00e7\u00e3o mais confort\u00e1vel devido \u00e0 boa hidrologia dos \u00faltimos anos, a aten\u00e7\u00e3o se volta para o Norte, onde as chuvas abaixo da m\u00e9dia podem impactar severamente as hidrel\u00e9tricas.<\/span><\/p>\n<p><span style=\"font-weight: 300;\">A situa\u00e7\u00e3o no Norte tamb\u00e9m pode afetar a gera\u00e7\u00e3o de energia destinada \u00e0 exporta\u00e7\u00e3o para pa\u00edses vizinhos, conforme indicado pela concession\u00e1ria do complexo de Belo Monte.<\/span><\/p>\n<p><span style=\"font-weight: 300;\">Enquanto isso, no Sul, mesmo com chuvas acima da m\u00e9dia devido ao El Ni\u00f1o, espera-se uma redu\u00e7\u00e3o nas precipita\u00e7\u00f5es no in\u00edcio de 2024, podendo haver impactos no fornecimento de energia.<\/span><\/p>\n<p><span style=\"font-weight: 300;\">A previs\u00e3o da Nottus Meteorologia indica que as chuvas continuar\u00e3o abaixo da m\u00e9dia entre fevereiro e abril, afetando usinas. Isso contrasta com o ver\u00e3o passado, onde v\u00e1rias usinas tiveram que liberar \u00e1gua devido ao excesso.<\/span><\/p>\n<p><span style=\"font-weight: 300;\">Al\u00e9m das quest\u00f5es de chuva, prever-se poss\u00edveis ondas de calor em algumas regi\u00f5es do pa\u00eds, o que pode elevar significativamente o consumo de energia, sobrecarregando o sistema el\u00e9trico.<\/span><\/p>\n<p><span style=\"font-weight: 300;\">\u00c9 importante estarmos conscientes e preparados para poss\u00edveis impactos no fornecimento de energia neste ver\u00e3o. Vamos juntos enfrentar os desafios clim\u00e1ticos e contribuir para um consumo consciente de energia!<\/span><\/p>\n<p><span style=\"font-weight: 300;\">Venha conhecer mais sobre os filtros capacitivos. Fale com nossos consultores pelo telefone:\u00a0<\/span><a href=\"tel:08130890606\"><span style=\"font-weight: 300;\">(81) 3089-0606<\/span><\/a><span style=\"font-weight: 300;\">, fale pelo WhatsApp:\u00a0<\/span><a href=\"https:\/\/wa.me\/5581998710126\"><span style=\"font-weight: 300;\">(81) 99871-0126<\/span><\/a><span style=\"font-weight: 300;\">\u00a0ou preencha o\u00a0<\/span><a href=\"https:\/\/filtrocapacitivo.com.br\/contato\"><span style=\"font-weight: 300;\">formul\u00e1rio<\/span><\/a><span style=\"font-weight: 300;\">.<\/span><\/p>\n","protected":false},"excerpt":{"rendered":"<p>Preparados para os desafios do ver\u00e3o? A previs\u00e3o \u00e9 de chuvas abaixo da m\u00e9dia na regi\u00e3o Norte, assim a gera\u00e7\u00e3o das hidrel\u00e9tricas pode ser prejudicada, aumentando<span class=\"excerpt-hellip\"> [\u2026]<\/span><\/p>\n","protected":false},"author":1,"featured_media":2257,"comment_status":"closed","ping_status":"closed","sticky":false,"template":"","format":"standard","meta":{"footnotes":""},"categories":[1],"tags":[],"class_list":["post-2256","post","type-post","status-publish","format-standard","has-post-thumbnail","hentry","category-filtros-capacitivos"],"_links":{"self":[{"href":"https:\/\/filtrocapacitivo.com.br\/blog\/wp-json\/wp\/v2\/posts\/2256","targetHints":{"allow":["GET"]}}],"collection":[{"href":"https:\/\/filtrocapacitivo.com.br\/blog\/wp-json\/wp\/v2\/posts"}],"about":[{"href":"https:\/\/filtrocapacitivo.com.br\/blog\/wp-json\/wp\/v2\/types\/post"}],"author":[{"embeddable":true,"href":"https:\/\/filtrocapacitivo.com.br\/blog\/wp-json\/wp\/v2\/users\/1"}],"replies":[{"embeddable":true,"href":"https:\/\/filtrocapacitivo.com.br\/blog\/wp-json\/wp\/v2\/comments?post=2256"}],"version-history":[{"count":1,"href":"https:\/\/filtrocapacitivo.com.br\/blog\/wp-json\/wp\/v2\/posts\/2256\/revisions"}],"predecessor-version":[{"id":2258,"href":"https:\/\/filtrocapacitivo.com.br\/blog\/wp-json\/wp\/v2\/posts\/2256\/revisions\/2258"}],"wp:featuredmedia":[{"embeddable":true,"href":"https:\/\/filtrocapacitivo.com.br\/blog\/wp-json\/wp\/v2\/media\/2257"}],"wp:attachment":[{"href":"https:\/\/filtrocapacitivo.com.br\/blog\/wp-json\/wp\/v2\/media?parent=2256"}],"wp:term":[{"taxonomy":"category","embeddable":true,"href":"https:\/\/filtrocapacitivo.com.br\/blog\/wp-json\/wp\/v2\/categories?post=2256"},{"taxonomy":"post_tag","embeddable":true,"href":"https:\/\/filtrocapacitivo.com.br\/blog\/wp-json\/wp\/v2\/tags?post=2256"}],"curies":[{"name":"wp","href":"https:\/\/api.w.org\/{rel}","templated":true}]}}