{"id":233,"date":"2015-06-28T13:04:00","date_gmt":"2015-06-28T13:04:00","guid":{"rendered":"http:\/\/filtrocapacitivo.com.br\/blog\/?p=233"},"modified":"2015-06-28T13:04:00","modified_gmt":"2015-06-28T13:04:00","slug":"informativo-lumilight-do-brasil-prefeitura-municipal-de-sao-francisco-de-assis-recebe-os-novos-distribuidores-do-rio-grande-do-sul","status":"publish","type":"post","link":"https:\/\/filtrocapacitivo.com.br\/blog\/informativo-lumilight-do-brasil-prefeitura-municipal-de-sao-francisco-de-assis-recebe-os-novos-distribuidores-do-rio-grande-do-sul\/","title":{"rendered":"Informativo Lumilight do Brasil &#8211; Prefeitura Municipal de S\u00e3o Francisco de Assis, recebe os novos Distribuidores do Rio Grande do Sul"},"content":{"rendered":"<p><img loading=\"lazy\" decoding=\"async\" class=\"aligncenter wp-image-234 size-full\" src=\"https:\/\/filtrocapacitivo.com.br\/blog\/wp-content\/uploads\/2015\/06\/image006.jpg\" alt=\"image006\" width=\"594\" height=\"334\" srcset=\"https:\/\/filtrocapacitivo.com.br\/blog\/wp-content\/uploads\/2015\/06\/image006.jpg 594w, https:\/\/filtrocapacitivo.com.br\/blog\/wp-content\/uploads\/2015\/06\/image006-300x169.jpg 300w\" sizes=\"auto, (max-width: 594px) 100vw, 594px\" \/><\/p>\n<p>Prefeitura Municipal de S\u00e3o Francisco de Assis, recebe os novos Distribuidores do Rio Grande do Sul para apresenta\u00e7\u00e3o de nossa tecnologia \u00fanica e exclusiva ao Prefeito Horacio Brasil, dando inicio a tomada de contas para levantamento dos or\u00e7amentos das unidades p\u00fablicas do munic\u00edpio.<\/p>\n<p>Estiveram nesta ter\u00e7a feira no Gabinete do Prefeito Horacio Brasil, o empres\u00e1rio Jos\u00e9 Saciloto, juntamente com o Sr. Almirante Furtado (T\u00e9cnico em Eletricidade), apresentando um produto revolucion\u00e1rio, que gera solu\u00e7\u00e3o em economia de energia, visto que o pre\u00e7o das tarifas de energia est\u00e3o alt\u00edssimas.<\/p>\n<p>O Filtro Capacitivo da Lumilight do Brasil \u00e9 um equipamento eletr\u00f4nico testado e aprovado por sua efic\u00e1cia no consumo de energia el\u00e9trica. Sendo desenvolvido nos altos padr\u00f5es tecnol\u00f3gicos, para filtrar e atenuar as interfer\u00eancias na sua rede de energia el\u00e9trica como: distor\u00e7\u00f5es harm\u00f4nicas, interfer\u00eancias externas, picos de tens\u00e3o e raios etc.<\/p>\n<p>Estas interfer\u00eancias s\u00e3o altamente prejudiciais ao pleno funcionamento dos equipamentos eletroeletr\u00f4nicos. Devido a sua Alta Tecnologia, o filtro capacitivo da Lumilight \u00e9 instalado em paralelo \u00e0 rede el\u00e9trica, diferenciando dos os outros filtros existentes no mercado, que s\u00e3o ligados em s\u00e9rie. O Filtro Capacitivo da Lumilight do Brasil \u00e9 instalado junto aos medidores (sempre ap\u00f3s a chave geral), pain\u00e9is e quadros de distribui\u00e7\u00e3o de energia el\u00e9trica, sendo imprescind\u00edvel o perfeito aterramento da instala\u00e7\u00e3o seguindo normas e padr\u00f5es definidos pelo fabricante do Sistema Lumilight.<\/p>\n<p>Desempenho<br \/>\nCom a economia proporcionada pelos filtros capacitivos da Lumilight do Brasil, o equipamento se paga em poucos meses e proporciona prote\u00e7\u00e3o, evita transtornos, perdas e preju\u00edzos.<\/p>\n<p>1) Economia de 8% at\u00e9 20% no consumo de energia el\u00e9trica.<br \/>\n2) Garantia de excelente qualidade de sua rede el\u00e9trica local.<br \/>\n3) Aumenta a prote\u00e7\u00e3o de sua rede el\u00e9trica local contra raios e picos de tens\u00e3o e correntes.<br \/>\n4) Melhor desempenho e maior durabilidade de equipamentos e aparelhos eletroeletr\u00f4nicos.<br \/>\n5) Diminui a queima de l\u00e2mpadas, motores de geladeira, maquinas de lavar, eletros e eletros-port\u00e1teis.<br \/>\n6) Diminui\u00e7\u00e3o de interfer\u00eancias em aparelhos de som e televis\u00e3o, gerados pela rede el\u00e9trica.<br \/>\n7) Diminui\u00e7\u00e3o na parada de equipamentos devido a desarme de disjuntor e queima de fus\u00edvel.<br \/>\n8) Melhor prote\u00e7\u00e3o de equipamentos eletr\u00f4nicos, microcomputadores, micro-ondas, televis\u00e3o, aparelhos de som, aparelhos telef\u00f4nicos, aparelhos eletr\u00f4nicos de ajuste e precis\u00e3o e sistema de controle, alarmes etc.<br \/>\n9) Melhor desempenho de equipamentos operados por sensores.<\/p>\n<p>Segue link da nota, acima, publicada na p\u00e1gina do facebook da Prefeitura de S\u00e3o Francisco de Assis:<br \/>\n<a href=\"https:\/\/www.facebook.com\/prefeiturasfassis\/photos\/pb.516741158434140.-2207520000.1435245620.\/821882641253322\/?type=1&amp;theater\">https:\/\/www.facebook.com\/prefeiturasfassis\/photos\/pb.516741158434140.-2207520000.1435245620.\/821882641253322\/?type=1&amp;theater<\/a> [<a href=\"https:\/\/www.facebook.com\/prefeiturasfassis\/photos\/pb.516741158434140.-2207520000.1435245620.\/821882641253322\/?type=1&amp;theater\" target=\"_blank\">^<\/a>]<\/p>\n<p>Esta reuni\u00e3o enfatiza nossa proposta de divulgar e aplicar nossos projetos em \u00d3rg\u00e3os P\u00fablicos.<\/p>\n<p>Em anexo segue o Spot que esta sendo utilizado pela R\u00e1dio Verdes Pampas FM est\u00e1 consolidada como uma das tr\u00eas maiores emissoras do interior do Estado do Rio Grande do Sul, transmitindo seu sinal em Frequ\u00eancia Modulada est\u00e9reo com som local para 52 munic\u00edpios das Regi\u00f5es Centro-Oeste e Noroeste do Estado, atingindo mais de 1 mi de habitantes.<\/p>\n<p>Gostar\u00edamos de dar os parab\u00e9ns novamente aos nossos Distribuidores do Rio Grande do Sul, Senhor Jos\u00e9 Saciloto e ao Senhor Almirante Furtado, pelo excelente trabalho dentro do Estado.<\/p>\n","protected":false},"excerpt":{"rendered":"<p>Prefeitura Municipal de S\u00e3o Francisco de Assis, recebe os novos Distribuidores do Rio Grande do Sul para apresenta\u00e7\u00e3o de nossa tecnologia \u00fanica e exclusiva ao Prefeito<span class=\"excerpt-hellip\"> [\u2026]<\/span><\/p>\n","protected":false},"author":1,"featured_media":0,"comment_status":"open","ping_status":"open","sticky":false,"template":"","format":"standard","meta":{"footnotes":""},"categories":[1],"tags":[],"class_list":["post-233","post","type-post","status-publish","format-standard","hentry","category-filtros-capacitivos"],"_links":{"self":[{"href":"https:\/\/filtrocapacitivo.com.br\/blog\/wp-json\/wp\/v2\/posts\/233","targetHints":{"allow":["GET"]}}],"collection":[{"href":"https:\/\/filtrocapacitivo.com.br\/blog\/wp-json\/wp\/v2\/posts"}],"about":[{"href":"https:\/\/filtrocapacitivo.com.br\/blog\/wp-json\/wp\/v2\/types\/post"}],"author":[{"embeddable":true,"href":"https:\/\/filtrocapacitivo.com.br\/blog\/wp-json\/wp\/v2\/users\/1"}],"replies":[{"embeddable":true,"href":"https:\/\/filtrocapacitivo.com.br\/blog\/wp-json\/wp\/v2\/comments?post=233"}],"version-history":[{"count":1,"href":"https:\/\/filtrocapacitivo.com.br\/blog\/wp-json\/wp\/v2\/posts\/233\/revisions"}],"predecessor-version":[{"id":235,"href":"https:\/\/filtrocapacitivo.com.br\/blog\/wp-json\/wp\/v2\/posts\/233\/revisions\/235"}],"wp:attachment":[{"href":"https:\/\/filtrocapacitivo.com.br\/blog\/wp-json\/wp\/v2\/media?parent=233"}],"wp:term":[{"taxonomy":"category","embeddable":true,"href":"https:\/\/filtrocapacitivo.com.br\/blog\/wp-json\/wp\/v2\/categories?post=233"},{"taxonomy":"post_tag","embeddable":true,"href":"https:\/\/filtrocapacitivo.com.br\/blog\/wp-json\/wp\/v2\/tags?post=233"}],"curies":[{"name":"wp","href":"https:\/\/api.w.org\/{rel}","templated":true}]}}