{"id":2363,"date":"2024-05-03T12:00:33","date_gmt":"2024-05-03T15:00:33","guid":{"rendered":"https:\/\/filtrocapacitivo.com.br\/blog\/?p=2363"},"modified":"2024-07-22T22:32:45","modified_gmt":"2024-07-23T01:32:45","slug":"reducao-no-consumo-de-energia-em-todo-o-pais-com-filtros-capacitivos-lumilight-do-brasil","status":"publish","type":"post","link":"https:\/\/filtrocapacitivo.com.br\/blog\/reducao-no-consumo-de-energia-em-todo-o-pais-com-filtros-capacitivos-lumilight-do-brasil\/","title":{"rendered":"Redu\u00e7\u00e3o no consumo de energia em todo o pa\u00eds com Filtros Capacitivos Lumilight do Brasil\u00ae"},"content":{"rendered":"<p><span style=\"font-weight: 300;\">Descubra o poder dos Filtros Capacitivos da Lumilight do Brasil\u00ae e como eles podem revolucionar o cen\u00e1rio energ\u00e9tico nacional.<\/span><\/p>\n<p>&nbsp;<\/p>\n<p><span style=\"font-weight: 300;\">Imagine se todas as resid\u00eancias, empresas e ind\u00fastrias adotassem essa tecnologia inovadora: uma redu\u00e7\u00e3o significativa de 20% na gera\u00e7\u00e3o de energia em todo o pa\u00eds seria alcan\u00e7ada. Isso n\u00e3o apenas resultaria em economia de recursos, mas tamb\u00e9m poderia potencialment<\/span><span style=\"font-weight: 300;\">e eliminar ou reduzir drasticamente a necessidade de termoel\u00e9tricas, promovendo uma abordagem mais sustent\u00e1vel e amiga do meio ambiente para suprir nossas demandas energ\u00e9ticas.<\/span><\/p>\n<p><span style=\"font-weight: 300;\">\u00a0<\/span><br \/>\n<iframe loading=\"lazy\" src=\"https:\/\/www.youtube.com\/embed\/7zBjSQ_EVvI\" width=\"560\" height=\"315\" frameborder=\"0\" allowfullscreen=\"allowfullscreen\"><\/iframe><\/p>\n<p><span style=\"font-weight: 300;\"><br \/>\n<\/span><span style=\"font-weight: 300;\">Nossos Filtros Capacitivos s\u00e3o projetados com os mais altos padr\u00f5es de qualidade e efici\u00eancia, oferecendo benef\u00edcios tang\u00edveis tanto para consumidores quanto para o meio ambiente.<\/span><\/p>\n<p><span style=\"font-weight: 300;\"><br \/>\n<\/span><span style=\"font-weight: 300;\">Junte-se a n\u00f3s nesta jornada rumo a um futuro mais sustent\u00e1vel e eficiente energeticamente. Siga nosso perfil no Instagram para ficar por dentro das \u00faltimas novidades e informa\u00e7\u00f5es sobre como os Filtros Capacitivos da Lumilight do Brasil\u00ae podem transformar sua realidade energ\u00e9tica.<\/span><\/p>\n<p><span style=\"font-weight: 300;\">Venha conhecer mais sobre os filtros capacitivos. Fale com nossos consultores pelo telefone:\u00a0<\/span><a href=\"tel:08130890606\"><span style=\"font-weight: 300;\">(81) 3089-0606<\/span><\/a><span style=\"font-weight: 300;\">, fale pelo WhatsApp:\u00a0<\/span><a href=\"https:\/\/wa.me\/5581998710126\"><span style=\"font-weight: 300;\">(81) 99871-0126<\/span><\/a><span style=\"font-weight: 300;\">\u00a0ou preencha o\u00a0<\/span><a href=\"https:\/\/filtrocapacitivo.com.br\/contato\"><span style=\"font-weight: 300;\">formul\u00e1rio<\/span><\/a><span style=\"font-weight: 300;\">.<\/span><\/p>\n","protected":false},"excerpt":{"rendered":"<p>Descubra o poder dos Filtros Capacitivos da Lumilight do Brasil\u00ae e como eles podem revolucionar o cen\u00e1rio energ\u00e9tico nacional. &nbsp; Imagine se todas as resid\u00eancias, empresas<span class=\"excerpt-hellip\"> [\u2026]<\/span><\/p>\n","protected":false},"author":1,"featured_media":2364,"comment_status":"closed","ping_status":"closed","sticky":false,"template":"","format":"standard","meta":{"footnotes":""},"categories":[5],"tags":[],"class_list":["post-2363","post","type-post","status-publish","format-standard","has-post-thumbnail","hentry","category-noticias"],"_links":{"self":[{"href":"https:\/\/filtrocapacitivo.com.br\/blog\/wp-json\/wp\/v2\/posts\/2363","targetHints":{"allow":["GET"]}}],"collection":[{"href":"https:\/\/filtrocapacitivo.com.br\/blog\/wp-json\/wp\/v2\/posts"}],"about":[{"href":"https:\/\/filtrocapacitivo.com.br\/blog\/wp-json\/wp\/v2\/types\/post"}],"author":[{"embeddable":true,"href":"https:\/\/filtrocapacitivo.com.br\/blog\/wp-json\/wp\/v2\/users\/1"}],"replies":[{"embeddable":true,"href":"https:\/\/filtrocapacitivo.com.br\/blog\/wp-json\/wp\/v2\/comments?post=2363"}],"version-history":[{"count":9,"href":"https:\/\/filtrocapacitivo.com.br\/blog\/wp-json\/wp\/v2\/posts\/2363\/revisions"}],"predecessor-version":[{"id":2366,"href":"https:\/\/filtrocapacitivo.com.br\/blog\/wp-json\/wp\/v2\/posts\/2363\/revisions\/2366"}],"wp:featuredmedia":[{"embeddable":true,"href":"https:\/\/filtrocapacitivo.com.br\/blog\/wp-json\/wp\/v2\/media\/2364"}],"wp:attachment":[{"href":"https:\/\/filtrocapacitivo.com.br\/blog\/wp-json\/wp\/v2\/media?parent=2363"}],"wp:term":[{"taxonomy":"category","embeddable":true,"href":"https:\/\/filtrocapacitivo.com.br\/blog\/wp-json\/wp\/v2\/categories?post=2363"},{"taxonomy":"post_tag","embeddable":true,"href":"https:\/\/filtrocapacitivo.com.br\/blog\/wp-json\/wp\/v2\/tags?post=2363"}],"curies":[{"name":"wp","href":"https:\/\/api.w.org\/{rel}","templated":true}]}}