{"id":2369,"date":"2024-05-07T12:00:41","date_gmt":"2024-05-07T15:00:41","guid":{"rendered":"https:\/\/filtrocapacitivo.com.br\/blog\/?p=2369"},"modified":"2024-07-22T22:15:22","modified_gmt":"2024-07-23T01:15:22","slug":"mais-de-300-mil-imoveis-sem-energia-no-rs","status":"publish","type":"post","link":"https:\/\/filtrocapacitivo.com.br\/blog\/mais-de-300-mil-imoveis-sem-energia-no-rs\/","title":{"rendered":"Mais de 300 mil im\u00f3veis sem energia no RS"},"content":{"rendered":"<p><span style=\"font-weight: 300;\">O estado do Rio Grande do Sul enfrenta um momento de extrema delicadeza devido aos impactos das fortes chuvas que t\u00eam assolado diversas regi\u00f5es. Al\u00e9m dos alagamentos que t\u00eam deixado muitas \u00e1reas inundadas, a situa\u00e7\u00e3o se agrava com a interrup\u00e7\u00e3o dos servi\u00e7os essenciais, como energia el\u00e9trica, \u00e1gua e telefonia, afetando significativamente a vida de milhares de pessoas.<\/span><\/p>\n<p><img loading=\"lazy\" decoding=\"async\" class=\" wp-image-2370 aligncenter\" src=\"https:\/\/filtrocapacitivo.com.br\/blog\/wp-content\/uploads\/2024\/07\/07.05-blog-300x300.jpg\" alt=\"\" width=\"395\" height=\"395\" srcset=\"https:\/\/filtrocapacitivo.com.br\/blog\/wp-content\/uploads\/2024\/07\/07.05-blog-300x300.jpg 300w, https:\/\/filtrocapacitivo.com.br\/blog\/wp-content\/uploads\/2024\/07\/07.05-blog-150x150.jpg 150w, https:\/\/filtrocapacitivo.com.br\/blog\/wp-content\/uploads\/2024\/07\/07.05-blog-768x768.jpg 768w, https:\/\/filtrocapacitivo.com.br\/blog\/wp-content\/uploads\/2024\/07\/07.05-blog-1024x1024.jpg 1024w, https:\/\/filtrocapacitivo.com.br\/blog\/wp-content\/uploads\/2024\/07\/07.05-blog-500x500.jpg 500w, https:\/\/filtrocapacitivo.com.br\/blog\/wp-content\/uploads\/2024\/07\/07.05-blog-400x400.jpg 400w, https:\/\/filtrocapacitivo.com.br\/blog\/wp-content\/uploads\/2024\/07\/07.05-blog-146x146.jpg 146w, https:\/\/filtrocapacitivo.com.br\/blog\/wp-content\/uploads\/2024\/07\/07.05-blog-50x50.jpg 50w, https:\/\/filtrocapacitivo.com.br\/blog\/wp-content\/uploads\/2024\/07\/07.05-blog-75x75.jpg 75w, https:\/\/filtrocapacitivo.com.br\/blog\/wp-content\/uploads\/2024\/07\/07.05-blog-85x85.jpg 85w, https:\/\/filtrocapacitivo.com.br\/blog\/wp-content\/uploads\/2024\/07\/07.05-blog-80x80.jpg 80w, https:\/\/filtrocapacitivo.com.br\/blog\/wp-content\/uploads\/2024\/07\/07.05-blog.jpg 1080w\" sizes=\"auto, (max-width: 395px) 100vw, 395px\" \/><\/p>\n<p><span style=\"font-weight: 300;\">A RGE, uma das principais concession\u00e1rias de energia el\u00e9trica do estado, reportou que cerca de 268 mil clientes est\u00e3o sem abastecimento de energia. Dentre esses, aproximadamente 60% est\u00e3o em \u00e1reas alagadas ou de dif\u00edcil acesso, onde a energia foi desligada como medida de seguran\u00e7a. O vento e as descargas atmosf\u00e9ricas t\u00eam causado danos \u00e0 rede el\u00e9trica, complicando ainda mais os esfor\u00e7os de restabelecimento.<\/span><\/p>\n<p><span style=\"font-weight: 300;\">A regi\u00e3o do Vale do Taquari \u00e9 uma das mais afetadas, com mais de 100 mil pontos sem energia el\u00e9trica. O Vale dos Sinos, o Vale do Rio Pardo e a Serra tamb\u00e9m enfrentam s\u00e9rios problemas, com dezenas de milhares de resid\u00eancias \u00e0s escuras.<\/span><\/p>\n<p><span style=\"font-weight: 300;\"><br \/>\n<\/span><span style=\"font-weight: 300;\">\u00d3rg\u00e3os competentes, juntamente com as concession\u00e1rias e demais entidades envolvidas, precisam atuar de forma coordenada e \u00e1gil para minimizar os impactos e garantir o restabelecimento dos servi\u00e7os b\u00e1sicos t\u00e3o necess\u00e1rios \u00e0 popula\u00e7\u00e3o nesse momento.<\/span><\/p>\n<p><span style=\"font-weight: 300;\">Venha conhecer mais sobre os filtros capacitivos. Fale com nossos consultores pelo telefone:\u00a0<\/span><a href=\"tel:08130890606\"><span style=\"font-weight: 300;\">(81) 3089-0606<\/span><\/a><span style=\"font-weight: 300;\">, fale pelo WhatsApp:\u00a0<\/span><a href=\"https:\/\/wa.me\/5581998710126\"><span style=\"font-weight: 300;\">(81) 99871-0126<\/span><\/a><span style=\"font-weight: 300;\">\u00a0ou preencha o\u00a0<\/span><a href=\"https:\/\/filtrocapacitivo.com.br\/contato\"><span style=\"font-weight: 300;\">formul\u00e1rio<\/span><\/a><span style=\"font-weight: 300;\">.<\/span><\/p>\n","protected":false},"excerpt":{"rendered":"<p>O estado do Rio Grande do Sul enfrenta um momento de extrema delicadeza devido aos impactos das fortes chuvas que t\u00eam assolado diversas regi\u00f5es. Al\u00e9m dos<span class=\"excerpt-hellip\"> [\u2026]<\/span><\/p>\n","protected":false},"author":1,"featured_media":2370,"comment_status":"closed","ping_status":"closed","sticky":false,"template":"","format":"standard","meta":{"footnotes":""},"categories":[5],"tags":[],"class_list":["post-2369","post","type-post","status-publish","format-standard","has-post-thumbnail","hentry","category-noticias"],"_links":{"self":[{"href":"https:\/\/filtrocapacitivo.com.br\/blog\/wp-json\/wp\/v2\/posts\/2369","targetHints":{"allow":["GET"]}}],"collection":[{"href":"https:\/\/filtrocapacitivo.com.br\/blog\/wp-json\/wp\/v2\/posts"}],"about":[{"href":"https:\/\/filtrocapacitivo.com.br\/blog\/wp-json\/wp\/v2\/types\/post"}],"author":[{"embeddable":true,"href":"https:\/\/filtrocapacitivo.com.br\/blog\/wp-json\/wp\/v2\/users\/1"}],"replies":[{"embeddable":true,"href":"https:\/\/filtrocapacitivo.com.br\/blog\/wp-json\/wp\/v2\/comments?post=2369"}],"version-history":[{"count":1,"href":"https:\/\/filtrocapacitivo.com.br\/blog\/wp-json\/wp\/v2\/posts\/2369\/revisions"}],"predecessor-version":[{"id":2371,"href":"https:\/\/filtrocapacitivo.com.br\/blog\/wp-json\/wp\/v2\/posts\/2369\/revisions\/2371"}],"wp:featuredmedia":[{"embeddable":true,"href":"https:\/\/filtrocapacitivo.com.br\/blog\/wp-json\/wp\/v2\/media\/2370"}],"wp:attachment":[{"href":"https:\/\/filtrocapacitivo.com.br\/blog\/wp-json\/wp\/v2\/media?parent=2369"}],"wp:term":[{"taxonomy":"category","embeddable":true,"href":"https:\/\/filtrocapacitivo.com.br\/blog\/wp-json\/wp\/v2\/categories?post=2369"},{"taxonomy":"post_tag","embeddable":true,"href":"https:\/\/filtrocapacitivo.com.br\/blog\/wp-json\/wp\/v2\/tags?post=2369"}],"curies":[{"name":"wp","href":"https:\/\/api.w.org\/{rel}","templated":true}]}}